{"id":18389,"date":"2022-10-24T13:05:39","date_gmt":"2022-10-24T12:05:39","guid":{"rendered":"https:\/\/letempsmag.ma\/?p=18389"},"modified":"2022-10-24T13:05:43","modified_gmt":"2022-10-24T12:05:43","slug":"younes-slaoui-elu-president-de-la-confederation-internationale-des-associations-des-anciens-eleves-de-lena-et-de-linsp-de-france","status":"publish","type":"post","link":"https:\/\/letempsmag.ma\/?p=18389","title":{"rendered":"Younes Slaoui \u00e9lu Pr\u00e9sident de la Conf\u00e9d\u00e9ration Internationale des Associations des anciens \u00e9l\u00e8ves de l\u2019ENA et de l\u2019INSP de France"},"content":{"rendered":"\n<p>L\u2019Association Marocaine des Anciens \u00c9l\u00e8ves de l\u2019\u00c9cole Nationale d\u2019Administration et de l\u2019Institut du Service Public de France (AMAEENA) annonce l\u2019\u00e9lection de son Pr\u00e9sident, Younes Slaoui, \u00e0 la pr\u00e9sidence de la Conf\u00e9d\u00e9ration internationale des Associations des anciens \u00e9l\u00e8ves de l\u2019\u00c9cole Nationale d\u2019Administration (ENA) et de l\u2019Institut National du Service Public (INSP) de France, \u00e0 la suite de l\u2019Assembl\u00e9e g\u00e9n\u00e9rale annuelle qui s\u2019est tenue le 15 octobre dernier \u00e0 Montr\u00e9al (Canada).<\/p>\n\n\n\n<p>Le Maroc pr\u00e9sidera et accueillera, dans ce cadre, l\u2019Assembl\u00e9e g\u00e9n\u00e9rale annuelle de la Conf\u00e9d\u00e9ration, qui aura lieu en 2023. La Conf\u00e9d\u00e9ration regroupe 44 Associations nationales et repr\u00e9sente des anciens \u00e9l\u00e8ves issus de 137 pays d\u2019Europe, d\u2019Afrique, du Moyen-Orient, des Am\u00e9riques et d\u2019Asie-Oc\u00e9anie. Elle a pour objet de maintenir un lien entre les anciens \u00e9l\u00e8ves de toutes nationalit\u00e9s et de mener des relations favorables au d\u00e9veloppement des \u00e9changes entre les pays membres de la Conf\u00e9d\u00e9ration. Cette derni\u00e8re constitue un important r\u00e9seau au service de la coop\u00e9ration entre les \u00c9tats, les administrations publiques et les institutions multilat\u00e9rales.<\/p>\n\n\n\n<p>Cr\u00e9\u00e9e en 1992, l\u2019AMAEENA compte une centaine d\u2019anciens \u00e9l\u00e8ves travaillant principalement dans la haute fonction publique et a pour objectifs de&nbsp;:<\/p>\n\n\n\n<p>&#8211; F\u00e9d\u00e9rer les anciens \u00e9l\u00e8ves marocains.<\/p>\n\n\n\n<p>&#8211; Consolider les liens de fraternit\u00e9 entre anciens \u00e9l\u00e8ves du Maroc et du monde.<\/p>\n\n\n\n<p>&#8211; Promouvoir les valeurs li\u00e9es \u00e0 l\u2019int\u00e9r\u00eat g\u00e9n\u00e9ral et au service de l\u2019\u00c9tat, \u00e0 la modernisation et \u00e0 la r\u00e9forme de l\u2019\u00c9tat et \u00e0 la formation des hauts fonctionnaires.<\/p>\n\n\n\n<p>&#8211; Contribuer aux r\u00e9flexions et propositions sur le d\u00e9veloppement national, les politiques publiques et les relations internationales.<\/p>\n","protected":false},"excerpt":{"rendered":"<p>L\u2019Association Marocaine des Anciens \u00c9l\u00e8ves de l\u2019\u00c9cole Nationale d\u2019Administration et de l\u2019Institut du Service Public de France (AMAEENA) annonce l\u2019\u00e9lection de son Pr\u00e9sident, Younes Slaoui, \u00e0 la pr\u00e9sidence de la Conf\u00e9d\u00e9ration internationale des Associations des anciens \u00e9l\u00e8ves de l\u2019\u00c9cole Nationale d\u2019Administration (ENA) et de l\u2019Institut National du Service Public (INSP) de France, \u00e0 la suite &hellip;<\/p>\n","protected":false},"author":9,"featured_media":18390,"comment_status":"open","ping_status":"closed","sticky":false,"template":"","format":"standard","meta":{"footnotes":""},"categories":[283],"tags":[],"class_list":["post-18389","post","type-post","status-publish","format-standard","has-post-thumbnail","hentry","category-associatif"],"_links":{"self":[{"href":"https:\/\/letempsmag.ma\/index.php?rest_route=\/wp\/v2\/posts\/18389","targetHints":{"allow":["GET"]}}],"collection":[{"href":"https:\/\/letempsmag.ma\/index.php?rest_route=\/wp\/v2\/posts"}],"about":[{"href":"https:\/\/letempsmag.ma\/index.php?rest_route=\/wp\/v2\/types\/post"}],"author":[{"embeddable":true,"href":"https:\/\/letempsmag.ma\/index.php?rest_route=\/wp\/v2\/users\/9"}],"replies":[{"embeddable":true,"href":"https:\/\/letempsmag.ma\/index.php?rest_route=%2Fwp%2Fv2%2Fcomments&post=18389"}],"version-history":[{"count":1,"href":"https:\/\/letempsmag.ma\/index.php?rest_route=\/wp\/v2\/posts\/18389\/revisions"}],"predecessor-version":[{"id":18391,"href":"https:\/\/letempsmag.ma\/index.php?rest_route=\/wp\/v2\/posts\/18389\/revisions\/18391"}],"wp:featuredmedia":[{"embeddable":true,"href":"https:\/\/letempsmag.ma\/index.php?rest_route=\/wp\/v2\/media\/18390"}],"wp:attachment":[{"href":"https:\/\/letempsmag.ma\/index.php?rest_route=%2Fwp%2Fv2%2Fmedia&parent=18389"}],"wp:term":[{"taxonomy":"category","embeddable":true,"href":"https:\/\/letempsmag.ma\/index.php?rest_route=%2Fwp%2Fv2%2Fcategories&post=18389"},{"taxonomy":"post_tag","embeddable":true,"href":"https:\/\/letempsmag.ma\/index.php?rest_route=%2Fwp%2Fv2%2Ftags&post=18389"}],"curies":[{"name":"wp","href":"https:\/\/api.w.org\/{rel}","templated":true}]}}