{"id":18385,"date":"2022-10-22T14:25:41","date_gmt":"2022-10-22T13:25:41","guid":{"rendered":"https:\/\/letempsmag.ma\/?p=18385"},"modified":"2022-10-22T14:25:43","modified_gmt":"2022-10-22T13:25:43","slug":"31-nouveaux-cas-au-maroc-en-24-heures-et-1-265-363-cas-cumules","status":"publish","type":"post","link":"https:\/\/letempsmag.ma\/?p=18385","title":{"rendered":"31 nouveaux cas au Maroc en 24 heures et 1.265.363 cas cumul\u00e9s"},"content":{"rendered":"\n<p>Un total de 31 nouveaux cas d&#8217;infection au \u00abCovid-19\u00bb et 26 gu\u00e9risons a \u00e9t\u00e9 enregistr\u00e9 au Maroc dans les derni\u00e8res 24 heures, a indiqu\u00e9 vendredi le minist\u00e8re de la Sant\u00e9 et de la Protection sociale.<\/p>\n\n\n\n<p>Dans son bulletin quotidien sur la situation \u00e9pid\u00e9miologique, le minist\u00e8re a en outre pr\u00e9cis\u00e9 que le nombre de primo-vaccin\u00e9s a atteint 24.910.450, celui des personnes ayant re\u00e7u deux doses s&#8217;\u00e9l\u00e8ve \u00e0 23.408.495, alors que 6.836.447 personnes ont eu trois injections du vaccin et 52.599 ont re\u00e7u la quatri\u00e8me dose.<\/p>\n\n\n\n<p>Le nouveau bilan d&#8217;infections porte \u00e0 1.265.363 le nombre total des contaminations depuis le premier cas signal\u00e9 au Maroc le 0 mars 2020, tandis que le nombre des personnes r\u00e9tablies est pass\u00e9 \u00e0 1.248.887, soit un taux de gu\u00e9rison de 98,7%.<\/p>\n\n\n\n<p>Les nouveaux cas d&#8217;infection ont \u00e9t\u00e9 recens\u00e9s dans les r\u00e9gions de Casablanca-Settat (13), Rabat-Sal\u00e9-K\u00e9nitra (10), Marrakech-Safi (2), F\u00e8s Mekn\u00e8s (2), Tanger-T\u00e9touan-Al Hoceima (2), Dakhla-Oued Eddahab (1) et Souss-Massa (1). Le nombre total des d\u00e9c\u00e8s est toujours de 16.280 (l\u00e9talit\u00e9 1,3%), avec z\u00e9ro cas enregistr\u00e9 lors des derni\u00e8res 24 heures.<\/p>\n\n\n\n<p>Les cas actifs sont au nombre de 196, avec aucun cas s\u00e9v\u00e8re ou critique signal\u00e9 lors des derni\u00e8res 24 heures.<\/p>\n","protected":false},"excerpt":{"rendered":"<p>Un total de 31 nouveaux cas d&#8217;infection au \u00abCovid-19\u00bb et 26 gu\u00e9risons a \u00e9t\u00e9 enregistr\u00e9 au Maroc dans les derni\u00e8res 24 heures, a indiqu\u00e9 vendredi le minist\u00e8re de la Sant\u00e9 et de la Protection sociale. Dans son bulletin quotidien sur la situation \u00e9pid\u00e9miologique, le minist\u00e8re a en outre pr\u00e9cis\u00e9 que le nombre de primo-vaccin\u00e9s a &hellip;<\/p>\n","protected":false},"author":9,"featured_media":18386,"comment_status":"open","ping_status":"closed","sticky":false,"template":"","format":"standard","meta":{"footnotes":""},"categories":[168],"tags":[],"class_list":["post-18385","post","type-post","status-publish","format-standard","has-post-thumbnail","hentry","category-pandemie-2"],"_links":{"self":[{"href":"https:\/\/letempsmag.ma\/index.php?rest_route=\/wp\/v2\/posts\/18385","targetHints":{"allow":["GET"]}}],"collection":[{"href":"https:\/\/letempsmag.ma\/index.php?rest_route=\/wp\/v2\/posts"}],"about":[{"href":"https:\/\/letempsmag.ma\/index.php?rest_route=\/wp\/v2\/types\/post"}],"author":[{"embeddable":true,"href":"https:\/\/letempsmag.ma\/index.php?rest_route=\/wp\/v2\/users\/9"}],"replies":[{"embeddable":true,"href":"https:\/\/letempsmag.ma\/index.php?rest_route=%2Fwp%2Fv2%2Fcomments&post=18385"}],"version-history":[{"count":1,"href":"https:\/\/letempsmag.ma\/index.php?rest_route=\/wp\/v2\/posts\/18385\/revisions"}],"predecessor-version":[{"id":18387,"href":"https:\/\/letempsmag.ma\/index.php?rest_route=\/wp\/v2\/posts\/18385\/revisions\/18387"}],"wp:featuredmedia":[{"embeddable":true,"href":"https:\/\/letempsmag.ma\/index.php?rest_route=\/wp\/v2\/media\/18386"}],"wp:attachment":[{"href":"https:\/\/letempsmag.ma\/index.php?rest_route=%2Fwp%2Fv2%2Fmedia&parent=18385"}],"wp:term":[{"taxonomy":"category","embeddable":true,"href":"https:\/\/letempsmag.ma\/index.php?rest_route=%2Fwp%2Fv2%2Fcategories&post=18385"},{"taxonomy":"post_tag","embeddable":true,"href":"https:\/\/letempsmag.ma\/index.php?rest_route=%2Fwp%2Fv2%2Ftags&post=18385"}],"curies":[{"name":"wp","href":"https:\/\/api.w.org\/{rel}","templated":true}]}}