{"id":18295,"date":"2022-10-20T10:24:44","date_gmt":"2022-10-20T09:24:44","guid":{"rendered":"https:\/\/letempsmag.ma\/?p=18295"},"modified":"2022-10-20T10:24:45","modified_gmt":"2022-10-20T09:24:45","slug":"deal-strategique-entre-la-banque-centrale-populaire-et-la-banque-europeenne-dinvestissement","status":"publish","type":"post","link":"https:\/\/letempsmag.ma\/?p=18295","title":{"rendered":"Deal strat\u00e9gique entre la Banque Centrale Populaire et la Banque Europ\u00e9enne d\u2019Investissement"},"content":{"rendered":"\n<p>Dans le cadre de l\u2019initiative de l\u2019Union Europ\u00e9enne pour les \u00e9changes commerciaux et la comp\u00e9titivit\u00e9 \u00abTrade and Competitiveness Program\u00bb, la Banque Europ\u00e9enne d\u2019Investissement (BEI) et la Banque Centrale Populaire (BCP) ont conclu la signature du premier accord de garantie. Ce partenariat a pour objectif d\u2019am\u00e9liorer la comp\u00e9titivit\u00e9 des PME marocaines, notamment dans quatre secteurs-cl\u00e9s d\u2019exportation, \u00e0 savoir l\u2019automobile, le textile, l\u2019agro-industrie et l\u2019agriculture.<\/p>\n\n\n\n<p>Il faut souligner que ce partenariat est le premier accord conclu dans le cadre du \u00abTrade and Competitiveness Programme\u00bb, d\u00e9velopp\u00e9 par la BEI avec le soutien financier de l\u2019Union Europ\u00e9enne, qui devrait contribuer \u00e0 am\u00e9liorer la comp\u00e9titivit\u00e9 des entreprises et leurs perspectives commerciales avec l&#8217;Union Europ\u00e9enne, en permettant aux banques interm\u00e9diaires locales de prendre plus de risques et d&#8217;atteindre des segments cibl\u00e9s de l&#8217;\u00e9conomie. L\u2019acc\u00e8s des PME \u00e0 des financements durables, d\u00e9di\u00e9s \u00e0 am\u00e9liorer leur comp\u00e9titivit\u00e9 \u00e0 l\u2019export, sera facilit\u00e9 gr\u00e2ce \u00e0 l\u2019interm\u00e9diation de la BCP.<\/p>\n\n\n\n<p>Le programme r\u00e9pond de mani\u00e8re directe aux objectifs du Plan de relance industrielle 2021-2023 visant \u00e0 faire du Maroc la base industrielle d\u00e9carbon\u00e9e et innovante la plus comp\u00e9titive \u00e0 destination de l\u2019Europe. Il permettra \u00e9galement d\u2019apporter l\u2019expertise n\u00e9cessaire en mati\u00e8re de d\u00e9carbonation, de productivit\u00e9 et de num\u00e9risation, tout en assurant l\u2019inclusion des femmes et des jeunes, de mani\u00e8re \u00e0 soutenir les cha\u00eenes de valeur entre le Maroc et l\u2019Union Europ\u00e9enne.<\/p>\n\n\n\n<p>Le Vice-Pr\u00e9sident de la BEI, Ricardo Mourinho F\u00e9lix, a d\u00e9clar\u00e9 \u00e0 cette occasion&nbsp;: \u00abNous nous dirigeons vers des mod\u00e8les \u00e9conomiques plus sobres en carbone et c\u2019est notre r\u00f4le, comme Banque de l\u2019Union Europ\u00e9enne et Banque du Climat, d\u2019accompagner nos partenaires sur le terrain. Au Maroc, les PME jouent un r\u00f4le-cl\u00e9. Avec ce nouveau programme, nous sommes engag\u00e9s \u00e0 faciliter leur acc\u00e8s \u00e0 des financements avantageux et \u00e0 des accompagnements de qualit\u00e9 pour renforcer leur mont\u00e9e en comp\u00e9tences\u00bb.<\/p>\n\n\n\n<p>L\u2019Ambassadrice de l\u2019Union Europ\u00e9enne au Maroc, Patricia Pilar Llombart Cussac, a indiqu\u00e9 pour sa part que \u00abLe programme que nous lan\u00e7ons aujourd\u2019hui s\u2019inscrit dans la continuit\u00e9 de notre partenariat avec le Maroc qui recouvre plusieurs facettes, notamment l\u2019appui au d\u00e9veloppement durable, \u00e0 la comp\u00e9titivit\u00e9 et \u00e0 la transition verte des petites et moyennes entreprises\u00bb.<\/p>\n\n\n\n<p>En ce qui le concerne, le Pr\u00e9sident du groupe BCP, Mohamed Karim Mounir, a d\u00e9clar\u00e9 que \u00abLa BCP se r\u00e9jouit d\u2019\u00eatre le premier acteur du secteur bancaire au Maroc et partenaire historique de la BEI \u00e0 souscrire au \u00abTrade and Competitiveness Program\u00bb et de faire b\u00e9n\u00e9ficier ses clients PME-PMI de ses avantages. En s\u2019appuyant sur ce programme, la BCP proposera une offre globale int\u00e9gr\u00e9e \u00e0 destination du march\u00e9 de la PME, sp\u00e9cialement \u00e0 destination des fili\u00e8res exportatrices afin de les accompagner avec des solutions sur mesures et \u00e0 des conditions avantageuses\u00bb.<\/p>\n\n\n\n<p><strong>L. F.<\/strong><\/p>\n","protected":false},"excerpt":{"rendered":"<p>Dans le cadre de l\u2019initiative de l\u2019Union Europ\u00e9enne pour les \u00e9changes commerciaux et la comp\u00e9titivit\u00e9 \u00abTrade and Competitiveness Program\u00bb, la Banque Europ\u00e9enne d\u2019Investissement (BEI) et la Banque Centrale Populaire (BCP) ont conclu la signature du premier accord de garantie. Ce partenariat a pour objectif d\u2019am\u00e9liorer la comp\u00e9titivit\u00e9 des PME marocaines, notamment dans quatre secteurs-cl\u00e9s d\u2019exportation, &hellip;<\/p>\n","protected":false},"author":9,"featured_media":18296,"comment_status":"open","ping_status":"closed","sticky":false,"template":"","format":"standard","meta":{"footnotes":""},"categories":[116],"tags":[],"class_list":["post-18295","post","type-post","status-publish","format-standard","has-post-thumbnail","hentry","category-services-financiers"],"_links":{"self":[{"href":"https:\/\/letempsmag.ma\/index.php?rest_route=\/wp\/v2\/posts\/18295","targetHints":{"allow":["GET"]}}],"collection":[{"href":"https:\/\/letempsmag.ma\/index.php?rest_route=\/wp\/v2\/posts"}],"about":[{"href":"https:\/\/letempsmag.ma\/index.php?rest_route=\/wp\/v2\/types\/post"}],"author":[{"embeddable":true,"href":"https:\/\/letempsmag.ma\/index.php?rest_route=\/wp\/v2\/users\/9"}],"replies":[{"embeddable":true,"href":"https:\/\/letempsmag.ma\/index.php?rest_route=%2Fwp%2Fv2%2Fcomments&post=18295"}],"version-history":[{"count":1,"href":"https:\/\/letempsmag.ma\/index.php?rest_route=\/wp\/v2\/posts\/18295\/revisions"}],"predecessor-version":[{"id":18297,"href":"https:\/\/letempsmag.ma\/index.php?rest_route=\/wp\/v2\/posts\/18295\/revisions\/18297"}],"wp:featuredmedia":[{"embeddable":true,"href":"https:\/\/letempsmag.ma\/index.php?rest_route=\/wp\/v2\/media\/18296"}],"wp:attachment":[{"href":"https:\/\/letempsmag.ma\/index.php?rest_route=%2Fwp%2Fv2%2Fmedia&parent=18295"}],"wp:term":[{"taxonomy":"category","embeddable":true,"href":"https:\/\/letempsmag.ma\/index.php?rest_route=%2Fwp%2Fv2%2Fcategories&post=18295"},{"taxonomy":"post_tag","embeddable":true,"href":"https:\/\/letempsmag.ma\/index.php?rest_route=%2Fwp%2Fv2%2Ftags&post=18295"}],"curies":[{"name":"wp","href":"https:\/\/api.w.org\/{rel}","templated":true}]}}