{"id":18292,"date":"2022-10-20T10:23:56","date_gmt":"2022-10-20T09:23:56","guid":{"rendered":"https:\/\/letempsmag.ma\/?p=18292"},"modified":"2022-10-20T10:23:58","modified_gmt":"2022-10-20T09:23:58","slug":"lartiste-ali-kanane-decore-par-la-societe-academique-francaise-des-arts-sciences-et-lettres","status":"publish","type":"post","link":"https:\/\/letempsmag.ma\/?p=18292","title":{"rendered":"L\u2019artiste Ali Kanane d\u00e9cor\u00e9 par la Soci\u00e9t\u00e9 Acad\u00e9mique fran\u00e7aise des Arts, Sciences et Lettres"},"content":{"rendered":"\n<p>L\u2019artiste marocain Ali Kanane vient d\u2019\u00eatre choisi par la Soci\u00e9t\u00e9 acad\u00e9mique fran\u00e7aise Arts-Sciences-Lettres pour recevoir la M\u00e9daille d\u2019\u00c9tain en reconnaissance de ses r\u00e9alisations artistiques et de sa carri\u00e8re multidisciplinaire dans les arts plastiques, la peinture et l\u2019art num\u00e9rique. Le jeune artiste <a><\/a>a re\u00e7u cette distinction en reconnaissance de l\u2019ensemble de son \u0153uvre et de son parcours \u00e9clectique, lors d\u2019une grande c\u00e9r\u00e9monie de d\u00e9coration organis\u00e9e le 16 octobre courant \u00e0 Paris.<\/p>\n\n\n\n<p>\u00abC\u2019est un honneur pour moi de recevoir aujourd\u2019hui cette distinction de la part d\u2019une institution aussi prestigieuse que la Soci\u00e9t\u00e9 acad\u00e9mique Arts-Sciences-Lettres\u00bb, a d\u00e9clar\u00e9 Ali Kanane, pr\u00e9cisant que \u00abPlus qu\u2019une simple reconnaissance, cette m\u00e9daille est pour moi un signe, un encouragement pour continuer \u00e0 tracer ma voie dans le monde de l\u2019art et \u00e0 explorer de nouvelles fa\u00e7ons d\u2019exprimer ma cr\u00e9ativit\u00e9\u00bb.<\/p>\n\n\n\n<p>Fait exceptionnel, Ali Kanane a \u00e9t\u00e9 s\u00e9lectionn\u00e9 par la Soci\u00e9t\u00e9 Acad\u00e9mique en amont de sa premi\u00e8re exposition ind\u00e9pendante. En effet, l\u2019artiste est en pleine pr\u00e9paration de son exposition qui aura lieu \u00e0 Casablanca pendant le deuxi\u00e8me trimestre de 2023. \u00abJe travaille en ce moment avec beaucoup de passion et de concentration pour r\u00e9aliser ma premi\u00e8re exposition en tant qu\u2019artiste ind\u00e9pendant. Par le pass\u00e9, mes \u0153uvres ont toujours \u00e9t\u00e9 expos\u00e9es en tant que collaborations avec d\u2019autres artistes, notamment sur des projets sponsoris\u00e9s par de grandes marques. Cette fois, je vais pouvoir r\u00e9ellement pr\u00e9senter au public une \u0153uvre r\u00e9alis\u00e9e sans aucune de ces contraintes et livrer ma propre vision, sans influence aucune\u00bb, pr\u00e9cise Ali Kanane.<\/p>\n\n\n\n<p>Rappelons que chaque ann\u00e9e, la c\u00e9r\u00e9monie organis\u00e9e par la Soci\u00e9t\u00e9 Acad\u00e9mique voit les laur\u00e9ats de divers horizons recevoir les dipl\u00f4mes de M\u00e9dailles de diff\u00e9rentes disciplines, attribu\u00e9s par la Commission Sup\u00e9rieure des R\u00e9compenses. Les personnalit\u00e9s d\u00e9cor\u00e9es sont choisies individuellement par le Conseil d&#8217;administration de la Soci\u00e9t\u00e9 acad\u00e9mique fran\u00e7aise Arts-Sciences-Lettres.<\/p>\n\n\n\n<p>Ali Kanane est un designer et un concept artiste qui a fait ses armes au Lyc\u00e9e Jaber Ben Hayan \u00e0 Casablanca, avant de collaborer avec le c\u00e9l\u00e8bre \u00e9diteur fran\u00e7ais de jeux vid\u00e9o Ubisoft o\u00f9 il a \u00e9t\u00e9 notamment en charge du design de personnages et d\u2019environnements pour des jeux c\u00e9l\u00e8bres comme \u00abPrince of Persia\u00bb ou \u00abAssassin\u2019s Creed\u00bb. Apr\u00e8s la fermeture des studios casablancais d\u2019Ubisoft, l\u2019artiste s\u2019est envol\u00e9 pour l\u2019Europe et a pass\u00e9 pr\u00e8s de quatre ann\u00e9es entre Madrid, Berlin et Varsovie, o\u00f9 il a collabor\u00e9 avec diff\u00e9rentes marques comme Starbucks, Puma ou Converse sur des projets touchant \u00e0 des domaines aussi vari\u00e9s que le street art, l\u2019art steampunk, le streetwear&#8230; De retour \u00e0 Casablanca en 2019, il a install\u00e9 son nouvel atelier pour travailler sur de nouveaux projets et collabore avec Mosaik Communication, l\u2019une des plus grandes agences de communication du Maroc.<\/p>\n","protected":false},"excerpt":{"rendered":"<p>L\u2019artiste marocain Ali Kanane vient d\u2019\u00eatre choisi par la Soci\u00e9t\u00e9 acad\u00e9mique fran\u00e7aise Arts-Sciences-Lettres pour recevoir la M\u00e9daille d\u2019\u00c9tain en reconnaissance de ses r\u00e9alisations artistiques et de sa carri\u00e8re multidisciplinaire dans les arts plastiques, la peinture et l\u2019art num\u00e9rique. Le jeune artiste a re\u00e7u cette distinction en reconnaissance de l\u2019ensemble de son \u0153uvre et de son &hellip;<\/p>\n","protected":false},"author":9,"featured_media":18293,"comment_status":"open","ping_status":"closed","sticky":false,"template":"","format":"standard","meta":{"footnotes":""},"categories":[197],"tags":[],"class_list":["post-18292","post","type-post","status-publish","format-standard","has-post-thumbnail","hentry","category-creation"],"_links":{"self":[{"href":"https:\/\/letempsmag.ma\/index.php?rest_route=\/wp\/v2\/posts\/18292","targetHints":{"allow":["GET"]}}],"collection":[{"href":"https:\/\/letempsmag.ma\/index.php?rest_route=\/wp\/v2\/posts"}],"about":[{"href":"https:\/\/letempsmag.ma\/index.php?rest_route=\/wp\/v2\/types\/post"}],"author":[{"embeddable":true,"href":"https:\/\/letempsmag.ma\/index.php?rest_route=\/wp\/v2\/users\/9"}],"replies":[{"embeddable":true,"href":"https:\/\/letempsmag.ma\/index.php?rest_route=%2Fwp%2Fv2%2Fcomments&post=18292"}],"version-history":[{"count":1,"href":"https:\/\/letempsmag.ma\/index.php?rest_route=\/wp\/v2\/posts\/18292\/revisions"}],"predecessor-version":[{"id":18294,"href":"https:\/\/letempsmag.ma\/index.php?rest_route=\/wp\/v2\/posts\/18292\/revisions\/18294"}],"wp:featuredmedia":[{"embeddable":true,"href":"https:\/\/letempsmag.ma\/index.php?rest_route=\/wp\/v2\/media\/18293"}],"wp:attachment":[{"href":"https:\/\/letempsmag.ma\/index.php?rest_route=%2Fwp%2Fv2%2Fmedia&parent=18292"}],"wp:term":[{"taxonomy":"category","embeddable":true,"href":"https:\/\/letempsmag.ma\/index.php?rest_route=%2Fwp%2Fv2%2Fcategories&post=18292"},{"taxonomy":"post_tag","embeddable":true,"href":"https:\/\/letempsmag.ma\/index.php?rest_route=%2Fwp%2Fv2%2Ftags&post=18292"}],"curies":[{"name":"wp","href":"https:\/\/api.w.org\/{rel}","templated":true}]}}