{"id":18114,"date":"2022-10-24T09:53:00","date_gmt":"2022-10-24T08:53:00","guid":{"rendered":"https:\/\/letempsmag.ma\/?p=18114"},"modified":"2022-10-24T10:25:59","modified_gmt":"2022-10-24T09:25:59","slug":"coup-denvoi-inaugural-a-la-cite-des-metiers-et-des-competences-de-souss-massa","status":"publish","type":"post","link":"https:\/\/letempsmag.ma\/?p=18114","title":{"rendered":"Coup d\u2019envoi inaugural \u00e0 la Cit\u00e9 des M\u00e9tiers et des Compe\u0301tences de Souss-Massa"},"content":{"rendered":"\n<p>Le coup d\u2019envoi de la rentr\u00e9e de formation professionnelle pour la premi\u00e8re promotion de la Cit\u00e9 des M\u00e9tiers et des Comp\u00e9tences (CMC) de Souss-Massa, relevant de l\u2019OFPPT, situ\u00e9e dans la commune de Drarga \u00e0 Agadir, a eu lieu le 4 octobre courant. La pose de la premi\u00e8re pierre de cette CMC a \u00e9t\u00e9 act\u00e9e par le Souverain le 7 f\u00e9vrier 2020. Elle offre une capacit\u00e9 d\u2019accueil globale de 3.000 places p\u00e9dagogiques, auxquelles s\u2019ajouteront 420 places offertes par l\u2019Institut Sp\u00e9cialis\u00e9 en Agro-Industrie, en tant qu\u2019antenne de la CMC, qui est en cours de construction en partenariat avec le Conseil de la r\u00e9gion Souss-Massa.<\/p>\n\n\n\n<p>Regroupant des P\u00f4les M\u00e9tiers, des structures communes et des espaces de vie ouverts \u00e0 l\u2019ensemble des apprenants, la CMC est con\u00e7ue dans un esprit innovant et propose une offre de formation innovante au sein de 11 P\u00f4les M\u00e9tiers. \u00c0 citer notamment un P\u00f4le Agriculture avec une ferme p\u00e9dagogique de 2 hectares, un P\u00f4le Sant\u00e9 dot\u00e9 d\u2019une unit\u00e9 p\u00e9dagogique de soins, un P\u00f4le BTP comprenant une maison intelligente. en phase avec les besoins en comp\u00e9tences de l\u2019\u00e9cosyst\u00e8me r\u00e9gional et dot\u00e9s de 6 plateformes d\u2019application int\u00e9gr\u00e9es permettant des mises en situation proches de la r\u00e9alit\u00e9 de l\u2019entreprise.<\/p>\n\n\n\n<p>La CMC Souss-Massa dispose d\u2019une offre de formation diversifi\u00e9e de 81 fili\u00e8res dont 60% nouvellement cr\u00e9\u00e9es. Les apprenants b\u00e9n\u00e9ficieront ainsi d\u2019une large palette de formations dipl\u00f4mantes et qualifiantes, couvrant les 11 secteurs et r\u00e9pondant \u00e0 la demande du march\u00e9 de l\u2019emploi. \u00c0 l\u2019instar des 11 autres Cit\u00e9s du programme national, la d\u00e9finition de la carte de formation de la CMC Souss-Massa a fait l\u2019objet d\u2019une large concertation avec la tenue de 78 ateliers d\u2019\u00e9change et de r\u00e9flexion et la contribution de 1.200 participants dont des repr\u00e9sentants des D\u00e9partements minist\u00e9riels, de la CGEM, des F\u00e9d\u00e9rations et des Associations Professionnelles.<\/p>\n\n\n\n<p>Sur le volet de l\u2019h\u00e9bergement, la CMC Souss-Massa abrite une Maison de Stagiaires avec une capacit\u00e9 d\u2019h\u00e9bergement et de restauration de 400 lits et couverts, une caf\u00e9t\u00e9ria, des terrains de sport et plusieurs espaces de rencontres.<\/p>\n\n\n\n<p>\u00c0 souligner que cette CMC est op\u00e9rationnelle aujourd\u2019hui gr\u00e2ce \u00e0 une \u00e9quipe de 178 collaborateurs dont 139 formateurs, tous qualifi\u00e9s et engag\u00e9s pour l\u2019accompagnement des talents de demain en mettant \u00e0 profit leur expertise et en recourant \u00e0 de nouvelles m\u00e9thodes p\u00e9dagogiques, pla\u00e7ant l\u2019apprenant au c\u0153ur du processus d\u2019apprentissage.<\/p>\n\n\n\n<p><strong>LAIDIA FAHIM<\/strong><\/p>\n","protected":false},"excerpt":{"rendered":"<p>Le coup d\u2019envoi de la rentr\u00e9e de formation professionnelle pour la premi\u00e8re promotion de la Cit\u00e9 des M\u00e9tiers et des Comp\u00e9tences (CMC) de Souss-Massa, relevant de l\u2019OFPPT, situ\u00e9e dans la commune de Drarga \u00e0 Agadir, a eu lieu le 4 octobre courant. La pose de la premi\u00e8re pierre de cette CMC a \u00e9t\u00e9 act\u00e9e par &hellip;<\/p>\n","protected":false},"author":9,"featured_media":18115,"comment_status":"open","ping_status":"closed","sticky":false,"template":"","format":"standard","meta":{"footnotes":""},"categories":[37],"tags":[],"class_list":["post-18114","post","type-post","status-publish","format-standard","has-post-thumbnail","hentry","category-formation"],"_links":{"self":[{"href":"https:\/\/letempsmag.ma\/index.php?rest_route=\/wp\/v2\/posts\/18114","targetHints":{"allow":["GET"]}}],"collection":[{"href":"https:\/\/letempsmag.ma\/index.php?rest_route=\/wp\/v2\/posts"}],"about":[{"href":"https:\/\/letempsmag.ma\/index.php?rest_route=\/wp\/v2\/types\/post"}],"author":[{"embeddable":true,"href":"https:\/\/letempsmag.ma\/index.php?rest_route=\/wp\/v2\/users\/9"}],"replies":[{"embeddable":true,"href":"https:\/\/letempsmag.ma\/index.php?rest_route=%2Fwp%2Fv2%2Fcomments&post=18114"}],"version-history":[{"count":1,"href":"https:\/\/letempsmag.ma\/index.php?rest_route=\/wp\/v2\/posts\/18114\/revisions"}],"predecessor-version":[{"id":18116,"href":"https:\/\/letempsmag.ma\/index.php?rest_route=\/wp\/v2\/posts\/18114\/revisions\/18116"}],"wp:featuredmedia":[{"embeddable":true,"href":"https:\/\/letempsmag.ma\/index.php?rest_route=\/wp\/v2\/media\/18115"}],"wp:attachment":[{"href":"https:\/\/letempsmag.ma\/index.php?rest_route=%2Fwp%2Fv2%2Fmedia&parent=18114"}],"wp:term":[{"taxonomy":"category","embeddable":true,"href":"https:\/\/letempsmag.ma\/index.php?rest_route=%2Fwp%2Fv2%2Fcategories&post=18114"},{"taxonomy":"post_tag","embeddable":true,"href":"https:\/\/letempsmag.ma\/index.php?rest_route=%2Fwp%2Fv2%2Ftags&post=18114"}],"curies":[{"name":"wp","href":"https:\/\/api.w.org\/{rel}","templated":true}]}}