{"id":18101,"date":"2022-10-13T10:23:29","date_gmt":"2022-10-13T09:23:29","guid":{"rendered":"https:\/\/letempsmag.ma\/?p=18101"},"modified":"2022-10-13T10:23:30","modified_gmt":"2022-10-13T09:23:30","slug":"le-hcp-est-formel-32-millions-de-marocains-ont-bascule-dans-la-precarite","status":"publish","type":"post","link":"https:\/\/letempsmag.ma\/?p=18101","title":{"rendered":"Le HCP est formel\u00a0: 3,2 millions de Marocains ont bascul\u00e9 dans la pr\u00e9carit\u00e9"},"content":{"rendered":"\n<p>Dans une note intitul\u00e9e \u00ab\u00c9volution des in\u00e9galit\u00e9s sociales dans un contexte marqu\u00e9 par les effets du \u00abCovid-19\u00bb et de la hausse des prix\u00bb, publi\u00e9e hier mercredi, le Haut Commissariat au Plan (HCP) r\u00e9v\u00e8le qu&#8217;environ 3,2 millions de personnes suppl\u00e9mentaires ont bascul\u00e9 dans la pauvret\u00e9 (1,15 million) ou dans la vuln\u00e9rabilit\u00e9 (2,05 millions) sous les effets combin\u00e9s de la crise sanitaire li\u00e9e au coronavirus et de l&#8217;inflation. Cette d\u00e9t\u00e9rioration de la pauvret\u00e9 et de la vuln\u00e9rabilit\u00e9 est due \u00e0 l&#8217;effet de la pand\u00e9mie pour pr\u00e8s de 45% et 55% \u00e0 l&#8217;effet de la hausse des prix \u00e0 la consommation.<\/p>\n\n\n\n<p>Selon le HCP&nbsp;: \u00abOn estime que pr\u00e8s de sept ann\u00e9es de progr\u00e8s vers l&#8217;\u00e9limination de la pauvret\u00e9 et de la vuln\u00e9rabilit\u00e9 ont \u00e9t\u00e9 perdues en 2022. Le Maroc se retrouve avec le niveau de pauvret\u00e9 et de vuln\u00e9rabilit\u00e9 de 2014\u00bb. Le HCP r\u00e9v\u00e8le aussi que les effets combin\u00e9s de la pand\u00e9mie du \u00abCovid-19\u00bb et de l&#8217;inflation auraient entrain\u00e9 une baisse du niveau de vie par personne, en termes r\u00e9els, de 7,2% au niveau national entre 2019 et 2022, passant de 20.400 DH \u00e0 18.940 DH, de 6,6% \u00e0 23.000 DH en milieu urbain et de 8,9% \u00e0 11.650 DH en milieu rural.<\/p>\n\n\n\n<p>Cette enqu\u00eate du HDP a \u00e9t\u00e9 r\u00e9alis\u00e9e aupr\u00e8s d&#8217;un \u00e9chantillon de 12.000 m\u00e9nages, entre le 11 octobre 2021 et le 10 f\u00e9vrier 2022. Elle vise \u00e0 appr\u00e9hender les effets de la pand\u00e9mie du \u00abCovid-19\u00bb sur les conditions de vie de la population.<\/p>\n\n\n\n<p>S\u2019agissant de l&#8217;effet de l&#8217;inflation sur les in\u00e9galit\u00e9s sociales, l\u2019enqu\u00eate consistait aussi \u00e0 \u00e9valuer l&#8217;indice des prix cat\u00e9goriels (IPC) par cat\u00e9gorie de m\u00e9nages et son impact sur le niveau et la structure des d\u00e9penses du panier de consommation. Les cat\u00e9gories de m\u00e9nages consid\u00e9r\u00e9es sont d\u00e9finies par le milieu de r\u00e9sidence, le niveau de vie et la cat\u00e9gorie socioprofessionnelle du chef de m\u00e9nage.<\/p>\n\n\n\n<p><strong>L. F.<\/strong><\/p>\n","protected":false},"excerpt":{"rendered":"<p>Dans une note intitul\u00e9e \u00ab\u00c9volution des in\u00e9galit\u00e9s sociales dans un contexte marqu\u00e9 par les effets du \u00abCovid-19\u00bb et de la hausse des prix\u00bb, publi\u00e9e hier mercredi, le Haut Commissariat au Plan (HCP) r\u00e9v\u00e8le qu&#8217;environ 3,2 millions de personnes suppl\u00e9mentaires ont bascul\u00e9 dans la pauvret\u00e9 (1,15 million) ou dans la vuln\u00e9rabilit\u00e9 (2,05 millions) sous les effets &hellip;<\/p>\n","protected":false},"author":9,"featured_media":18102,"comment_status":"open","ping_status":"closed","sticky":false,"template":"","format":"standard","meta":{"footnotes":""},"categories":[303],"tags":[],"class_list":["post-18101","post","type-post","status-publish","format-standard","has-post-thumbnail","hentry","category-crise-sanitaire"],"_links":{"self":[{"href":"https:\/\/letempsmag.ma\/index.php?rest_route=\/wp\/v2\/posts\/18101","targetHints":{"allow":["GET"]}}],"collection":[{"href":"https:\/\/letempsmag.ma\/index.php?rest_route=\/wp\/v2\/posts"}],"about":[{"href":"https:\/\/letempsmag.ma\/index.php?rest_route=\/wp\/v2\/types\/post"}],"author":[{"embeddable":true,"href":"https:\/\/letempsmag.ma\/index.php?rest_route=\/wp\/v2\/users\/9"}],"replies":[{"embeddable":true,"href":"https:\/\/letempsmag.ma\/index.php?rest_route=%2Fwp%2Fv2%2Fcomments&post=18101"}],"version-history":[{"count":1,"href":"https:\/\/letempsmag.ma\/index.php?rest_route=\/wp\/v2\/posts\/18101\/revisions"}],"predecessor-version":[{"id":18103,"href":"https:\/\/letempsmag.ma\/index.php?rest_route=\/wp\/v2\/posts\/18101\/revisions\/18103"}],"wp:featuredmedia":[{"embeddable":true,"href":"https:\/\/letempsmag.ma\/index.php?rest_route=\/wp\/v2\/media\/18102"}],"wp:attachment":[{"href":"https:\/\/letempsmag.ma\/index.php?rest_route=%2Fwp%2Fv2%2Fmedia&parent=18101"}],"wp:term":[{"taxonomy":"category","embeddable":true,"href":"https:\/\/letempsmag.ma\/index.php?rest_route=%2Fwp%2Fv2%2Fcategories&post=18101"},{"taxonomy":"post_tag","embeddable":true,"href":"https:\/\/letempsmag.ma\/index.php?rest_route=%2Fwp%2Fv2%2Ftags&post=18101"}],"curies":[{"name":"wp","href":"https:\/\/api.w.org\/{rel}","templated":true}]}}