{"id":18098,"date":"2022-10-13T10:22:44","date_gmt":"2022-10-13T09:22:44","guid":{"rendered":"https:\/\/letempsmag.ma\/?p=18098"},"modified":"2022-10-13T10:22:45","modified_gmt":"2022-10-13T09:22:45","slug":"engagement-fort-du-groupe-ocp-pour-la-securite-alimentaire-en-afrique","status":"publish","type":"post","link":"https:\/\/letempsmag.ma\/?p=18098","title":{"rendered":"Engagement fort du groupe OCP pour la s\u00e9curit\u00e9 alimentaire en Afrique"},"content":{"rendered":"\n<p>Lors des Assembl\u00e9es annuelles de la Banque Mondiale tenues sous le th\u00e8me \u00abLa p\u00e9nurie des produits de premi\u00e8re n\u00e9cessit\u00e9&nbsp;: le co\u00fbt humain des crises alimentaires et \u00e9nerg\u00e9tiques\u00bb, le Pr\u00e9sident Directeur G\u00e9n\u00e9ral de l\u2019OCP, Mostafa Terrab, a annonc\u00e9 l\u2019engagement du groupe \u00e0 d\u00e9dier plus de 4 millions de tonnes d&#8217;engrais en faveur des agriculteurs africains en 2023, indique l\u2019OCP dans un communiqu\u00e9 publi\u00e9 hier mercredi. Cette allocation repr\u00e9sente plus du double de l&#8217;approvisionnement qui a \u00e9t\u00e9 consacr\u00e9 par l\u2019OCP au continent en 2021 et plus d&#8217;un quart de la production totale pr\u00e9vue par le groupe, fait savoir la m\u00eame source.<\/p>\n\n\n\n<p>En partenariat avec des acteurs locaux, ce programme d&#8217;approvisionnement en engrais comprendra un volet d\u00e9di\u00e9 \u00e0 la formation et au renforcement de capacit\u00e9. Par ailleurs, il permettra de garantir que les bons engrais soient disponibles pour l&#8217;ensemble du continent, en vue de stimuler les rendements pour 44 millions d&#8217;agriculteurs dans 35 pays, y compris au Maroc.<\/p>\n\n\n\n<p>L\u2019approche instaur\u00e9e par l\u2019OCP vise \u00e0 f\u00e9d\u00e9rer les diff\u00e9rents acteurs tout au long de la cha\u00eene de valeur, afin de fournir le soutien dont les agriculteurs ont besoin et de s&#8217;assurer que le vaste potentiel agricole du continent soit lib\u00e9r\u00e9 au profit de l&#8217;Afrique et du monde. Il faut souligner que cet effort actuel s&#8217;appuie sur l&#8217;engagement \u00e0 long terme de l&#8217;OCP en Afrique \u00e0 travers sa filiale OCP Africa. Celle-ci a, en effet, d\u00e9velopp\u00e9 une approche globale centr\u00e9e sur le fermier, qui a d\u00e9j\u00e0 atteint plus de 2 millions d&#8217;agriculteurs, notamment \u00e0 travers la customisation des engrais, la cartographie des sols, la formation, les essais sur le terrain et l&#8217;acc\u00e8s au march\u00e9.<\/p>\n\n\n\n<p>Le patron de l\u2019OCP a d\u00e9clar\u00e9 que \u00abLa situation g\u00e9opolitique actuelle r\u00e9v\u00e8le des fragilit\u00e9s syst\u00e9miques profondes dans les syst\u00e8mes agricoles mondiaux. Nous devons relever les d\u00e9fis auxquels sont confront\u00e9s les agriculteurs africains, qu&#8217;il s&#8217;agisse des infrastructures, de la formation ou de l&#8217;acc\u00e8s au march\u00e9 et au financement. Nous sommes heureux de pouvoir apporter notre contribution\u00bb. Mostafa Terrab pr\u00e9cise aussi que \u00abLe groupe OCP est \u00e9galement reconnaissant pour l\u2019excellent dialogue et la collaboration avec la Banque Mondiale, la Soci\u00e9t\u00e9 Financi\u00e8re Internationale et l&#8217;USAID, ainsi que les autres agences multilat\u00e9rales et de d\u00e9veloppement impliqu\u00e9es dans cet effort, compte tenu de leur leadership et de leur engagement \u00e0 long terme envers le d\u00e9veloppement de l&#8217;Afrique\u00bb.<\/p>\n\n\n\n<p>Rappelons qu\u2019avec un si\u00e8cle d\u2019expertise et un chiffre d\u2019affaires de 9,4 milliards de dollars en 2021, le groupe OCP est le leader mondial sur le march\u00e9 de la nutrition des plantes et des engrais phosphat\u00e9s. Pr\u00e9sent sur les cinq continents, le groupe collabore \u00e9troitement avec plus de 350 clients \u00e0 travers le monde. Il met l\u2019innovation au c\u0153ur de sa strat\u00e9gie pour servir au mieux le d\u00e9veloppement environnemental et social de l&#8217;Afrique, notamment pour la mise en place d\u2019une agriculture durable et prosp\u00e8re sur le continent.<\/p>\n\n\n\n<p><strong>L. F.<\/strong><\/p>\n","protected":false},"excerpt":{"rendered":"<p>Lors des Assembl\u00e9es annuelles de la Banque Mondiale tenues sous le th\u00e8me \u00abLa p\u00e9nurie des produits de premi\u00e8re n\u00e9cessit\u00e9&nbsp;: le co\u00fbt humain des crises alimentaires et \u00e9nerg\u00e9tiques\u00bb, le Pr\u00e9sident Directeur G\u00e9n\u00e9ral de l\u2019OCP, Mostafa Terrab, a annonc\u00e9 l\u2019engagement du groupe \u00e0 d\u00e9dier plus de 4 millions de tonnes d&#8217;engrais en faveur des agriculteurs africains en &hellip;<\/p>\n","protected":false},"author":9,"featured_media":18099,"comment_status":"open","ping_status":"closed","sticky":false,"template":"","format":"standard","meta":{"footnotes":""},"categories":[30],"tags":[],"class_list":["post-18098","post","type-post","status-publish","format-standard","has-post-thumbnail","hentry","category-agriculture"],"_links":{"self":[{"href":"https:\/\/letempsmag.ma\/index.php?rest_route=\/wp\/v2\/posts\/18098","targetHints":{"allow":["GET"]}}],"collection":[{"href":"https:\/\/letempsmag.ma\/index.php?rest_route=\/wp\/v2\/posts"}],"about":[{"href":"https:\/\/letempsmag.ma\/index.php?rest_route=\/wp\/v2\/types\/post"}],"author":[{"embeddable":true,"href":"https:\/\/letempsmag.ma\/index.php?rest_route=\/wp\/v2\/users\/9"}],"replies":[{"embeddable":true,"href":"https:\/\/letempsmag.ma\/index.php?rest_route=%2Fwp%2Fv2%2Fcomments&post=18098"}],"version-history":[{"count":1,"href":"https:\/\/letempsmag.ma\/index.php?rest_route=\/wp\/v2\/posts\/18098\/revisions"}],"predecessor-version":[{"id":18100,"href":"https:\/\/letempsmag.ma\/index.php?rest_route=\/wp\/v2\/posts\/18098\/revisions\/18100"}],"wp:featuredmedia":[{"embeddable":true,"href":"https:\/\/letempsmag.ma\/index.php?rest_route=\/wp\/v2\/media\/18099"}],"wp:attachment":[{"href":"https:\/\/letempsmag.ma\/index.php?rest_route=%2Fwp%2Fv2%2Fmedia&parent=18098"}],"wp:term":[{"taxonomy":"category","embeddable":true,"href":"https:\/\/letempsmag.ma\/index.php?rest_route=%2Fwp%2Fv2%2Fcategories&post=18098"},{"taxonomy":"post_tag","embeddable":true,"href":"https:\/\/letempsmag.ma\/index.php?rest_route=%2Fwp%2Fv2%2Ftags&post=18098"}],"curies":[{"name":"wp","href":"https:\/\/api.w.org\/{rel}","templated":true}]}}