{"id":18041,"date":"2022-10-11T10:27:32","date_gmt":"2022-10-11T09:27:32","guid":{"rendered":"https:\/\/letempsmag.ma\/?p=18041"},"modified":"2022-10-11T10:55:05","modified_gmt":"2022-10-11T09:55:05","slug":"marjane-holding-dimamaghrib-forever","status":"publish","type":"post","link":"https:\/\/letempsmag.ma\/?p=18041","title":{"rendered":"Marjane Holding\u00a0: \u00ab#dimamaghrib\u00bb forever\u00a0!"},"content":{"rendered":"\n<p>Marjane Holding encourage la culture et r\u00e9affirme son soutien au \u00abMade In Morocco\u00bb tout en promouvant le hashtag \u00ab#dimamaghrib\u00bb \u00e0 l\u2019occasion de la Coupe du monde de football qui se jouera en novembre prochain au Qatar. La cr\u00e9ation de pi\u00e8ces originales destin\u00e9es \u00e0 promouvoir le textile local, \u00e0 booster la signature de jeunes cr\u00e9ateurs marocains et le \u00ab#dimamaghrib\u00bb fondent&nbsp; l\u2019ambition que se donne Marjane, qui joint l\u2019utile au style et d\u00e9veloppe sa fibre Pop Art via trois collectors.<\/p>\n\n\n\n<p>\u00ab#dimamaghrib\u00bb est le hashtag le plus partag\u00e9 dans le Royaume. Il a \u00e9t\u00e9 \u00e0 l\u2019origine d\u2019une id\u00e9e tonique lanc\u00e9e par le groupe Marjane. Couvrant divers objectifs, cette initiative a pour assise l\u2019accord de sourcing sign\u00e9 entre la Holding, le minist\u00e8re du commerce et de l\u2019industrie, l\u2019Association Marocaine de l\u2019Industrie du Textile et de l\u2019Habillement (AMITH) et la F\u00e9d\u00e9ration Nationale de l&#8217;Agroalimentaire (FENAGRI).<\/p>\n\n\n\n<p>Engag\u00e9e \u00e0 mettre en avant la production textile nationale et le 100% \u00abMade in Morocco\u00bb, Marjane a trouv\u00e9 un moyen d\u2019interpeller ses clients \u00e0 travers certains de leurs codes de pr\u00e9dilection&nbsp;: l\u2019amour du Maroc, le football et la mode. L\u2019initiative vise \u00e9galement \u00e0 mettre en valeur l\u2019\u00e9cosyst\u00e8me du secteur textile national, reconnu par les plus grandes marques de mode mondiales.<\/p>\n\n\n\n<p>Trois jeunes talents, Ayoub Normal, Yassine Morabite et Kawtar Barraz, se sont d\u00e9vou\u00e9s \u00e0 d\u00e9cliner le hashtag, chacun \u00e0 sa mani\u00e8re. Ces designers pleins de promesses, originaires d\u2019Agadir, Casablanca et Tanger, ont \u00e9t\u00e9 invit\u00e9s \u00e0 conceptualiser la devise au prisme de leurs univers respectifs. Cousus de r\u00e9f\u00e9rences \u00e0 la culture nationale, les motifs arborent des couleurs \u00e9nergiques r\u00e9solument dans la tendance.<\/p>\n\n\n\n<p>Marjane Holding, qui se lance pour la premi\u00e8re fois dans la cr\u00e9ation de v\u00eatements pop art, a veill\u00e9 \u00e0 encourager le projet en lui conf\u00e9rant des atouts cl\u00e9s&nbsp;: l\u2019originalit\u00e9 des mod\u00e8les, le confort du textile et l\u2019accessibilit\u00e9 du prix. Disponibles dans les 41 hypermarch\u00e9s du groupe sur l\u2019ensemble du Royaume, les t-shirts sont commercialis\u00e9s \u00e0 99 DH pi\u00e8ce. &nbsp;Nous avons eu envie de cr\u00e9er un v\u00eatement empreint d\u2019un message qui parle \u00e0 notre fibre nationale, agr\u00e9able \u00e0 porter et abordable \u00e0 l\u2019achat. Les motifs sont intemporels, le tissu est r\u00e9sistant. C\u2019est une production 100% marocaine. C\u2019est le genre d\u2019actions qui nous parle en tant que collaborateurs de Marjane et citoyens marocains et que nous souhaitons r\u00e9it\u00e9rer sous diff\u00e9rentes formes\u00bb, d\u00e9clare Mhamed Chlyeh, Directeur G\u00e9n\u00e9ral D\u00e9l\u00e9gu\u00e9 de l\u2019enseigne Marjane.<\/p>\n\n\n\n<p>Rappelons que Marjane Holding est pionnier de la grande distribution moderne au Maroc. Le groupe a su amener, depuis plus de 30 ans, les produits du commerce moderne au grand public, dans les grands centres urbains comme dans les villes de taille moyenne. Marjane g\u00e8re \u00e9galement 345.000 m\u00e8tres carr\u00e9s de galeries marchandes, de parcs d\u2019activit\u00e9s et de shopping malls de derni\u00e8re g\u00e9n\u00e9ration. Avec ses 12.000 collaborateurs et plus de 130 points de vente dans 30 villes, l\u2019enseigne r\u00e9alise plus de 100 millions de transactions par an.<\/p>\n","protected":false},"excerpt":{"rendered":"<p>Marjane Holding encourage la culture et r\u00e9affirme son soutien au \u00abMade In Morocco\u00bb tout en promouvant le hashtag \u00ab#dimamaghrib\u00bb \u00e0 l\u2019occasion de la Coupe du monde de football qui se jouera en novembre prochain au Qatar. La cr\u00e9ation de pi\u00e8ces originales destin\u00e9es \u00e0 promouvoir le textile local, \u00e0 booster la signature de jeunes cr\u00e9ateurs marocains &hellip;<\/p>\n","protected":false},"author":9,"featured_media":18042,"comment_status":"open","ping_status":"closed","sticky":false,"template":"","format":"standard","meta":{"footnotes":""},"categories":[843],"tags":[],"class_list":["post-18041","post","type-post","status-publish","format-standard","has-post-thumbnail","hentry","category-branding"],"_links":{"self":[{"href":"https:\/\/letempsmag.ma\/index.php?rest_route=\/wp\/v2\/posts\/18041","targetHints":{"allow":["GET"]}}],"collection":[{"href":"https:\/\/letempsmag.ma\/index.php?rest_route=\/wp\/v2\/posts"}],"about":[{"href":"https:\/\/letempsmag.ma\/index.php?rest_route=\/wp\/v2\/types\/post"}],"author":[{"embeddable":true,"href":"https:\/\/letempsmag.ma\/index.php?rest_route=\/wp\/v2\/users\/9"}],"replies":[{"embeddable":true,"href":"https:\/\/letempsmag.ma\/index.php?rest_route=%2Fwp%2Fv2%2Fcomments&post=18041"}],"version-history":[{"count":1,"href":"https:\/\/letempsmag.ma\/index.php?rest_route=\/wp\/v2\/posts\/18041\/revisions"}],"predecessor-version":[{"id":18043,"href":"https:\/\/letempsmag.ma\/index.php?rest_route=\/wp\/v2\/posts\/18041\/revisions\/18043"}],"wp:featuredmedia":[{"embeddable":true,"href":"https:\/\/letempsmag.ma\/index.php?rest_route=\/wp\/v2\/media\/18042"}],"wp:attachment":[{"href":"https:\/\/letempsmag.ma\/index.php?rest_route=%2Fwp%2Fv2%2Fmedia&parent=18041"}],"wp:term":[{"taxonomy":"category","embeddable":true,"href":"https:\/\/letempsmag.ma\/index.php?rest_route=%2Fwp%2Fv2%2Fcategories&post=18041"},{"taxonomy":"post_tag","embeddable":true,"href":"https:\/\/letempsmag.ma\/index.php?rest_route=%2Fwp%2Fv2%2Ftags&post=18041"}],"curies":[{"name":"wp","href":"https:\/\/api.w.org\/{rel}","templated":true}]}}