{"id":17784,"date":"2022-09-30T10:20:58","date_gmt":"2022-09-30T09:20:58","guid":{"rendered":"https:\/\/letempsmag.ma\/?p=17784"},"modified":"2022-09-30T10:21:01","modified_gmt":"2022-09-30T09:21:01","slug":"tarif-exceptionnel-pour-les-supporters-des-lions-de-latlas","status":"publish","type":"post","link":"https:\/\/letempsmag.ma\/?p=17784","title":{"rendered":"Tarif exceptionnel pour les supporters des Lions de l\u2019Atlas"},"content":{"rendered":"\n<p>Une convention de partenariat a \u00e9t\u00e9 sign\u00e9e le 29 septembre dernier \u00e0 Rabat entre le Ministre de l\u2019\u00c9ducation nationale, du Pr\u00e9scolaire et des Sports, Chakib Benmoussa, le Pr\u00e9sident de la F\u00e9d\u00e9ration Royale Marocaine de Football, Fouzi Lekja\u00e2 et, le Pr\u00e9sident de Royal Air Maroc, Abdelhamid Addou. L\u2019objet&nbsp;: faciliter le transport des supporters marocains \u00e0 l&#8217;occasion de la Coupe du Monde de football, pr\u00e9vue au Qatar du 20 novembre au 18 d\u00e9cembre prochains.<\/p>\n\n\n\n<p>Gr\u00e2ce \u00e0 ce partenariat, la compagnie nationale mobilisera des vols pendant la p\u00e9riode du premier tour pour permettre aux supporters d\u2019accompagner les Lions de l\u2019Atlas au Qatar. Durant cette p\u00e9riode, le dispositif pr\u00e9voit notamment un programme de vols vers Doha du 20 novembre au 4 d\u00e9cembre (premier tour). La RAM injectera pendant cette p\u00e9riode, en plus de ses vols r\u00e9guliers quotidiens et directs reliant Casablanca et Doha, plusieurs vols suppl\u00e9mentaires directs d\u2019une capacit\u00e9 totale de 3.000 si\u00e8ges au prix fixe subventionn\u00e9 de 5.000 DH TTC (aller et retour) en classe \u00e9conomique. Cette offre est destin\u00e9e exclusivement aux d\u00e9tenteurs de billets d\u2019acc\u00e8s aux matchs et est propos\u00e9e \u00e0 la vente \u00e0 travers les agences commerciales de la RAM.<\/p>\n\n\n\n<p>Par ailleurs, le minist\u00e8re accordera, en vertu de cette convention, une subvention \u00e0 la FRMF et \u00e0 la RAM pour revoir \u00e0 la hausse le nombre de vols \u00e0 destination du Qatar et fixer le prix du billet \u00e0 5.000 DH (aller-retour) pour les supporters des couleurs marocaines.<\/p>\n\n\n\n<p>Pour rappel, les Lions de l\u2019Atlas jouent leur sixi\u00e8me Mondial et \u00e9volueront dans le groupe \u00abF\u00bb aux c\u00f4t\u00e9s de la Belgique, de la Croatie et du Canada.<\/p>\n\n\n\n<p><strong>L. F.<\/strong><\/p>\n","protected":false},"excerpt":{"rendered":"<p>Une convention de partenariat a \u00e9t\u00e9 sign\u00e9e le 29 septembre dernier \u00e0 Rabat entre le Ministre de l\u2019\u00c9ducation nationale, du Pr\u00e9scolaire et des Sports, Chakib Benmoussa, le Pr\u00e9sident de la F\u00e9d\u00e9ration Royale Marocaine de Football, Fouzi Lekja\u00e2 et, le Pr\u00e9sident de Royal Air Maroc, Abdelhamid Addou. L\u2019objet&nbsp;: faciliter le transport des supporters marocains \u00e0 l&#8217;occasion &hellip;<\/p>\n","protected":false},"author":9,"featured_media":17785,"comment_status":"open","ping_status":"closed","sticky":false,"template":"","format":"standard","meta":{"footnotes":""},"categories":[837],"tags":[],"class_list":["post-17784","post","type-post","status-publish","format-standard","has-post-thumbnail","hentry","category-mondial-qatar"],"_links":{"self":[{"href":"https:\/\/letempsmag.ma\/index.php?rest_route=\/wp\/v2\/posts\/17784","targetHints":{"allow":["GET"]}}],"collection":[{"href":"https:\/\/letempsmag.ma\/index.php?rest_route=\/wp\/v2\/posts"}],"about":[{"href":"https:\/\/letempsmag.ma\/index.php?rest_route=\/wp\/v2\/types\/post"}],"author":[{"embeddable":true,"href":"https:\/\/letempsmag.ma\/index.php?rest_route=\/wp\/v2\/users\/9"}],"replies":[{"embeddable":true,"href":"https:\/\/letempsmag.ma\/index.php?rest_route=%2Fwp%2Fv2%2Fcomments&post=17784"}],"version-history":[{"count":1,"href":"https:\/\/letempsmag.ma\/index.php?rest_route=\/wp\/v2\/posts\/17784\/revisions"}],"predecessor-version":[{"id":17786,"href":"https:\/\/letempsmag.ma\/index.php?rest_route=\/wp\/v2\/posts\/17784\/revisions\/17786"}],"wp:featuredmedia":[{"embeddable":true,"href":"https:\/\/letempsmag.ma\/index.php?rest_route=\/wp\/v2\/media\/17785"}],"wp:attachment":[{"href":"https:\/\/letempsmag.ma\/index.php?rest_route=%2Fwp%2Fv2%2Fmedia&parent=17784"}],"wp:term":[{"taxonomy":"category","embeddable":true,"href":"https:\/\/letempsmag.ma\/index.php?rest_route=%2Fwp%2Fv2%2Fcategories&post=17784"},{"taxonomy":"post_tag","embeddable":true,"href":"https:\/\/letempsmag.ma\/index.php?rest_route=%2Fwp%2Fv2%2Ftags&post=17784"}],"curies":[{"name":"wp","href":"https:\/\/api.w.org\/{rel}","templated":true}]}}