{"id":17751,"date":"2022-09-28T10:31:22","date_gmt":"2022-09-28T09:31:22","guid":{"rendered":"https:\/\/letempsmag.ma\/?p=17751"},"modified":"2022-09-28T10:31:25","modified_gmt":"2022-09-28T09:31:25","slug":"20-nouveaux-cas-au-maroc-en-24-heures-et-1-264-903-cas-cumules","status":"publish","type":"post","link":"https:\/\/letempsmag.ma\/?p=17751","title":{"rendered":"20 nouveaux cas au Maroc en 24 heures et 1.264.903 cas cumul\u00e9s"},"content":{"rendered":"\n<p>Un total de 20 nouveaux cas d&#8217;infection au \u00abCovid-19\u00bb et 40 gu\u00e9risons a \u00e9t\u00e9 enregistr\u00e9 au Maroc dans les derni\u00e8res 24 heures, a indiqu\u00e9 mardi le minist\u00e8re de la Sant\u00e9 et de la Protection sociale, qui fait \u00e9tat d&#8217;aucun nouveau d\u00e9c\u00e8s.<\/p>\n\n\n\n<p>Dans son bulletin quotidien sur la situation \u00e9pid\u00e9miologique, le minist\u00e8re a en outre pr\u00e9cis\u00e9 que le nombre de primo-vaccin\u00e9s a atteint 24.905.099, celui des personnes ayant re\u00e7u deux doses s&#8217;\u00e9l\u00e8ve \u00e0 23.401.079, alors que 6.813.807 personnes ont eu trois injections du vaccin et 48.936 ont re\u00e7u la quatri\u00e8me dose.<\/p>\n\n\n\n<p>Le nouveau bilan d&#8217;infections porte \u00e0 1.264.903 le nombre total des contaminations depuis le premier cas signal\u00e9 au Maroc le 2 mars 2020, tandis que le nombre des personnes r\u00e9tablies est pass\u00e9 \u00e0 1 248.517, soit un taux de gu\u00e9rison de 98,7%.<\/p>\n\n\n\n<p>Les nouveaux cas d&#8217;infection ont \u00e9t\u00e9 recens\u00e9s dans les r\u00e9gions de Casablanca-Settat (12), La\u00e2youne-Sakia El Hamra (2), Tanger-T\u00e9touan-Al Hoceima (2), B\u00e9ni Mellal-Kh\u00e9nifra (2), F\u00e8s-Mekn\u00e8s (1) et Rabat-Sal\u00e9-K\u00e9nitra (1).<\/p>\n\n\n\n<p>Le nombre total des d\u00e9c\u00e8s est toujours de 16.278 (l\u00e9talit\u00e9 1,3%), avec z\u00e9ro cas enregistr\u00e9 lors des derni\u00e8res 24 heures. Les cas actifs sont au nombre de 108, avec z\u00e9ro cas s\u00e9v\u00e8re ou critique lors des derni\u00e8res 24 heures, pour un total de 2 cas.<\/p>\n","protected":false},"excerpt":{"rendered":"<p>Un total de 20 nouveaux cas d&#8217;infection au \u00abCovid-19\u00bb et 40 gu\u00e9risons a \u00e9t\u00e9 enregistr\u00e9 au Maroc dans les derni\u00e8res 24 heures, a indiqu\u00e9 mardi le minist\u00e8re de la Sant\u00e9 et de la Protection sociale, qui fait \u00e9tat d&#8217;aucun nouveau d\u00e9c\u00e8s. Dans son bulletin quotidien sur la situation \u00e9pid\u00e9miologique, le minist\u00e8re a en outre pr\u00e9cis\u00e9 &hellip;<\/p>\n","protected":false},"author":9,"featured_media":17752,"comment_status":"open","ping_status":"closed","sticky":false,"template":"","format":"standard","meta":{"footnotes":""},"categories":[168],"tags":[],"class_list":["post-17751","post","type-post","status-publish","format-standard","has-post-thumbnail","hentry","category-pandemie-2"],"_links":{"self":[{"href":"https:\/\/letempsmag.ma\/index.php?rest_route=\/wp\/v2\/posts\/17751","targetHints":{"allow":["GET"]}}],"collection":[{"href":"https:\/\/letempsmag.ma\/index.php?rest_route=\/wp\/v2\/posts"}],"about":[{"href":"https:\/\/letempsmag.ma\/index.php?rest_route=\/wp\/v2\/types\/post"}],"author":[{"embeddable":true,"href":"https:\/\/letempsmag.ma\/index.php?rest_route=\/wp\/v2\/users\/9"}],"replies":[{"embeddable":true,"href":"https:\/\/letempsmag.ma\/index.php?rest_route=%2Fwp%2Fv2%2Fcomments&post=17751"}],"version-history":[{"count":1,"href":"https:\/\/letempsmag.ma\/index.php?rest_route=\/wp\/v2\/posts\/17751\/revisions"}],"predecessor-version":[{"id":17753,"href":"https:\/\/letempsmag.ma\/index.php?rest_route=\/wp\/v2\/posts\/17751\/revisions\/17753"}],"wp:featuredmedia":[{"embeddable":true,"href":"https:\/\/letempsmag.ma\/index.php?rest_route=\/wp\/v2\/media\/17752"}],"wp:attachment":[{"href":"https:\/\/letempsmag.ma\/index.php?rest_route=%2Fwp%2Fv2%2Fmedia&parent=17751"}],"wp:term":[{"taxonomy":"category","embeddable":true,"href":"https:\/\/letempsmag.ma\/index.php?rest_route=%2Fwp%2Fv2%2Fcategories&post=17751"},{"taxonomy":"post_tag","embeddable":true,"href":"https:\/\/letempsmag.ma\/index.php?rest_route=%2Fwp%2Fv2%2Ftags&post=17751"}],"curies":[{"name":"wp","href":"https:\/\/api.w.org\/{rel}","templated":true}]}}