{"id":17748,"date":"2022-09-28T10:30:46","date_gmt":"2022-09-28T09:30:46","guid":{"rendered":"https:\/\/letempsmag.ma\/?p=17748"},"modified":"2022-09-28T10:30:47","modified_gmt":"2022-09-28T09:30:47","slug":"laid-al-mawlid-annabaoui-sera-celebre-le-dimanche-9-octobre","status":"publish","type":"post","link":"https:\/\/letempsmag.ma\/?p=17748","title":{"rendered":"L\u2019A\u00efd Al Mawlid Annabaoui sera c\u00e9l\u00e9br\u00e9 le dimanche 9 octobre"},"content":{"rendered":"\n<p>Le mois de Rabie-I 1444 de l\u2019H\u00e9gire d\u00e9butera le mercredi 28 septembre courant et l\u2019A\u00efd Al Mawlid Annabawi sera c\u00e9l\u00e9br\u00e9 le dimanche 9 octobre. C\u2019est ce qu\u2019a annonc\u00e9 le minist\u00e8re des Habous et des Affaires islamiques. Le minist\u00e8re a indiqu\u00e9, dans un communiqu\u00e9, que l\u2019observation du croissant lunaire du mois de Rabie-I 1444 de l\u2019H\u00e9gire a eu lieu le lundi 29 safar 1444 de l\u2019H\u00e9gire correspondant au 26 septembre 2022, apr\u00e8s le coucher du soleil.<\/p>\n","protected":false},"excerpt":{"rendered":"<p>Le mois de Rabie-I 1444 de l\u2019H\u00e9gire d\u00e9butera le mercredi 28 septembre courant et l\u2019A\u00efd Al Mawlid Annabawi sera c\u00e9l\u00e9br\u00e9 le dimanche 9 octobre. C\u2019est ce qu\u2019a annonc\u00e9 le minist\u00e8re des Habous et des Affaires islamiques. Le minist\u00e8re a indiqu\u00e9, dans un communiqu\u00e9, que l\u2019observation du croissant lunaire du mois de Rabie-I 1444 de l\u2019H\u00e9gire &hellip;<\/p>\n","protected":false},"author":9,"featured_media":17749,"comment_status":"open","ping_status":"closed","sticky":false,"template":"","format":"standard","meta":{"footnotes":""},"categories":[783],"tags":[],"class_list":["post-17748","post","type-post","status-publish","format-standard","has-post-thumbnail","hentry","category-fete"],"_links":{"self":[{"href":"https:\/\/letempsmag.ma\/index.php?rest_route=\/wp\/v2\/posts\/17748","targetHints":{"allow":["GET"]}}],"collection":[{"href":"https:\/\/letempsmag.ma\/index.php?rest_route=\/wp\/v2\/posts"}],"about":[{"href":"https:\/\/letempsmag.ma\/index.php?rest_route=\/wp\/v2\/types\/post"}],"author":[{"embeddable":true,"href":"https:\/\/letempsmag.ma\/index.php?rest_route=\/wp\/v2\/users\/9"}],"replies":[{"embeddable":true,"href":"https:\/\/letempsmag.ma\/index.php?rest_route=%2Fwp%2Fv2%2Fcomments&post=17748"}],"version-history":[{"count":1,"href":"https:\/\/letempsmag.ma\/index.php?rest_route=\/wp\/v2\/posts\/17748\/revisions"}],"predecessor-version":[{"id":17750,"href":"https:\/\/letempsmag.ma\/index.php?rest_route=\/wp\/v2\/posts\/17748\/revisions\/17750"}],"wp:featuredmedia":[{"embeddable":true,"href":"https:\/\/letempsmag.ma\/index.php?rest_route=\/wp\/v2\/media\/17749"}],"wp:attachment":[{"href":"https:\/\/letempsmag.ma\/index.php?rest_route=%2Fwp%2Fv2%2Fmedia&parent=17748"}],"wp:term":[{"taxonomy":"category","embeddable":true,"href":"https:\/\/letempsmag.ma\/index.php?rest_route=%2Fwp%2Fv2%2Fcategories&post=17748"},{"taxonomy":"post_tag","embeddable":true,"href":"https:\/\/letempsmag.ma\/index.php?rest_route=%2Fwp%2Fv2%2Ftags&post=17748"}],"curies":[{"name":"wp","href":"https:\/\/api.w.org\/{rel}","templated":true}]}}