{"id":1765,"date":"2021-04-01T08:12:25","date_gmt":"2021-04-01T08:12:25","guid":{"rendered":"https:\/\/letempsmag.ma\/?p=1765"},"modified":"2021-04-01T08:12:26","modified_gmt":"2021-04-01T08:12:26","slug":"emirates-va-operer-un-vol-tres-special-le-10-avril-prochain","status":"publish","type":"post","link":"https:\/\/letempsmag.ma\/?p=1765","title":{"rendered":"Emirates va op\u00e9rer un vol tr\u00e8s sp\u00e9cial, le 10 avril prochain"},"content":{"rendered":"\n<p>Emirates met en avant les progr\u00e8s remarquables des \u00c9mirats Arabes Unis dans le programme de vaccination avec un vol sp\u00e9cial qui transportera \u00e0 bord un \u00e9quipage et des passagers enti\u00e8rement vaccin\u00e9s. En effet, le 10 avril courant, le vol sp\u00e9cial \u00abEK2021\u00bb quittera l\u2019a\u00e9roport international de Duba\u00ef \u00e0 12h (heure locale) pour survoler diff\u00e9rentes r\u00e9gions des \u00c9mirats. Le vol reviendra \u00e0 Duba\u00ef \u00e0 14h (heure locale). Ce vol est un \u00e9v\u00e9nement qui vise non seulement \u00e0 c\u00e9l\u00e9brer le succ\u00e8s du programme \u00e9mirati de vaccination, \u00e0 ce jour, mais qui souligne \u00e9galement les progr\u00e8s de la compagnie Emirates dans la vaccination de son personnel et en particulier de ses pilotes et de son personnel de cabine. Les passagers auront, par la m\u00eame occasion, l\u2019opportunit\u00e9 de d\u00e9couvrir le tout nouvel A380 d\u2019Emirates, \u00e9quip\u00e9 des nouveaux si\u00e8ges \u00abPremium Economy\u00bb d\u2019int\u00e9rieurs de cabine rafra\u00eechis dans toutes les classes de l\u2019appareil.<\/p>\n\n\n\n<p><strong>M. E.<\/strong><\/p>\n","protected":false},"excerpt":{"rendered":"<p>Emirates met en avant les progr\u00e8s remarquables des \u00c9mirats Arabes Unis dans le programme de vaccination avec un vol sp\u00e9cial qui transportera \u00e0 bord un \u00e9quipage et des passagers enti\u00e8rement vaccin\u00e9s. En effet, le 10 avril courant, le vol sp\u00e9cial \u00abEK2021\u00bb quittera l\u2019a\u00e9roport international de Duba\u00ef \u00e0 12h (heure locale) pour survoler diff\u00e9rentes r\u00e9gions des &hellip;<\/p>\n","protected":false},"author":9,"featured_media":1767,"comment_status":"open","ping_status":"closed","sticky":false,"template":"","format":"standard","meta":{"footnotes":""},"categories":[107],"tags":[],"class_list":["post-1765","post","type-post","status-publish","format-standard","has-post-thumbnail","hentry","category-pandemie"],"_links":{"self":[{"href":"https:\/\/letempsmag.ma\/index.php?rest_route=\/wp\/v2\/posts\/1765","targetHints":{"allow":["GET"]}}],"collection":[{"href":"https:\/\/letempsmag.ma\/index.php?rest_route=\/wp\/v2\/posts"}],"about":[{"href":"https:\/\/letempsmag.ma\/index.php?rest_route=\/wp\/v2\/types\/post"}],"author":[{"embeddable":true,"href":"https:\/\/letempsmag.ma\/index.php?rest_route=\/wp\/v2\/users\/9"}],"replies":[{"embeddable":true,"href":"https:\/\/letempsmag.ma\/index.php?rest_route=%2Fwp%2Fv2%2Fcomments&post=1765"}],"version-history":[{"count":1,"href":"https:\/\/letempsmag.ma\/index.php?rest_route=\/wp\/v2\/posts\/1765\/revisions"}],"predecessor-version":[{"id":1769,"href":"https:\/\/letempsmag.ma\/index.php?rest_route=\/wp\/v2\/posts\/1765\/revisions\/1769"}],"wp:featuredmedia":[{"embeddable":true,"href":"https:\/\/letempsmag.ma\/index.php?rest_route=\/wp\/v2\/media\/1767"}],"wp:attachment":[{"href":"https:\/\/letempsmag.ma\/index.php?rest_route=%2Fwp%2Fv2%2Fmedia&parent=1765"}],"wp:term":[{"taxonomy":"category","embeddable":true,"href":"https:\/\/letempsmag.ma\/index.php?rest_route=%2Fwp%2Fv2%2Fcategories&post=1765"},{"taxonomy":"post_tag","embeddable":true,"href":"https:\/\/letempsmag.ma\/index.php?rest_route=%2Fwp%2Fv2%2Ftags&post=1765"}],"curies":[{"name":"wp","href":"https:\/\/api.w.org\/{rel}","templated":true}]}}