{"id":1763,"date":"2021-04-01T08:11:13","date_gmt":"2021-04-01T08:11:13","guid":{"rendered":"https:\/\/letempsmag.ma\/?p=1763"},"modified":"2021-04-01T08:11:14","modified_gmt":"2021-04-01T08:11:14","slug":"un-wafa-lead-program-lance-en-partenariat-avec-lessec","status":"publish","type":"post","link":"https:\/\/letempsmag.ma\/?p=1763","title":{"rendered":"Un \u00abWafa Lead Program\u00bb lanc\u00e9 en partenariat avec l\u2019ESSEC"},"content":{"rendered":"\n<p>Wafa Assurance et ESSEC Business School Africa ont conclu un partenariat, le 26 mars, avec pour objectif de lancer un programme de formation et de d\u00e9veloppement des comp\u00e9tences manag\u00e9riales et de leadership, \u00e0 destination de 30 cadres et cadres dirigeants de l\u2019assureur, chaque ann\u00e9e. Le but est de former 150 collaborateurs, issus de la maison-m\u00e8re ainsi que des diff\u00e9rentes filiales francophones et anglophones, sur la dur\u00e9e du partenariat qui a \u00e9t\u00e9 fix\u00e9 \u00e0 cinq ann\u00e9es. \u00abWafa Lead Program\u00bb est le label de cette dynamique p\u00e9dagogique fra\u00eechement lanc\u00e9e.<\/p>\n\n\n\n<p><strong>M. E.<\/strong><\/p>\n","protected":false},"excerpt":{"rendered":"<p>Wafa Assurance et ESSEC Business School Africa ont conclu un partenariat, le 26 mars, avec pour objectif de lancer un programme de formation et de d\u00e9veloppement des comp\u00e9tences manag\u00e9riales et de leadership, \u00e0 destination de 30 cadres et cadres dirigeants de l\u2019assureur, chaque ann\u00e9e. Le but est de former 150 collaborateurs, issus de la maison-m\u00e8re &hellip;<\/p>\n","protected":false},"author":9,"featured_media":1764,"comment_status":"open","ping_status":"closed","sticky":false,"template":"","format":"standard","meta":{"footnotes":""},"categories":[37],"tags":[],"class_list":["post-1763","post","type-post","status-publish","format-standard","has-post-thumbnail","hentry","category-formation"],"_links":{"self":[{"href":"https:\/\/letempsmag.ma\/index.php?rest_route=\/wp\/v2\/posts\/1763","targetHints":{"allow":["GET"]}}],"collection":[{"href":"https:\/\/letempsmag.ma\/index.php?rest_route=\/wp\/v2\/posts"}],"about":[{"href":"https:\/\/letempsmag.ma\/index.php?rest_route=\/wp\/v2\/types\/post"}],"author":[{"embeddable":true,"href":"https:\/\/letempsmag.ma\/index.php?rest_route=\/wp\/v2\/users\/9"}],"replies":[{"embeddable":true,"href":"https:\/\/letempsmag.ma\/index.php?rest_route=%2Fwp%2Fv2%2Fcomments&post=1763"}],"version-history":[{"count":1,"href":"https:\/\/letempsmag.ma\/index.php?rest_route=\/wp\/v2\/posts\/1763\/revisions"}],"predecessor-version":[{"id":1766,"href":"https:\/\/letempsmag.ma\/index.php?rest_route=\/wp\/v2\/posts\/1763\/revisions\/1766"}],"wp:featuredmedia":[{"embeddable":true,"href":"https:\/\/letempsmag.ma\/index.php?rest_route=\/wp\/v2\/media\/1764"}],"wp:attachment":[{"href":"https:\/\/letempsmag.ma\/index.php?rest_route=%2Fwp%2Fv2%2Fmedia&parent=1763"}],"wp:term":[{"taxonomy":"category","embeddable":true,"href":"https:\/\/letempsmag.ma\/index.php?rest_route=%2Fwp%2Fv2%2Fcategories&post=1763"},{"taxonomy":"post_tag","embeddable":true,"href":"https:\/\/letempsmag.ma\/index.php?rest_route=%2Fwp%2Fv2%2Ftags&post=1763"}],"curies":[{"name":"wp","href":"https:\/\/api.w.org\/{rel}","templated":true}]}}