{"id":17601,"date":"2022-09-21T10:25:20","date_gmt":"2022-09-21T09:25:20","guid":{"rendered":"https:\/\/letempsmag.ma\/?p=17601"},"modified":"2022-09-21T11:32:18","modified_gmt":"2022-09-21T10:32:18","slug":"ikea-devoile-au-maroc-son-concept-de-maison-fonctionnelle","status":"publish","type":"post","link":"https:\/\/letempsmag.ma\/?p=17601","title":{"rendered":"IKEA d\u00e9voile au Maroc son concept de \u00abMaison Fonctionnelle\u00bb"},"content":{"rendered":"\n<p>En pr\u00e9sence des repr\u00e9sentants de la presse nationale, IKEA a lanc\u00e9 le mouvement \u00abL&#8217;extraordinaire dans l&#8217;ordinaire\u00bb, hier mardi sur le site IKEA Z\u00e9nata, en pr\u00e9sence d\u2019Elisa Albendea, Directrice Marketing et de la Communication d\u2019IKEA pour le Kowe\u00eft, la Jordanie et le Maroc, ainsi que de l&#8217;\u00e9quipe de direction avec, \u00e0 sa t\u00eate, Adil Majd (photo), patron du site IKEA Maroc.<\/p>\n\n\n\n<p>Elisa Albendea a expliqu\u00e9 que ce mouvement a \u00e9t\u00e9 initi\u00e9 pour \u00abaider chacun de nous \u00e0 avoir une vie meilleure, \u00e0 c\u00e9l\u00e9brer les moments ordinaires \u00e0 la maison qui cr\u00e9ent des souvenirs extraordinaires\u00bb, pr\u00e9cisant que \u00abPour cr\u00e9er une maison meilleure, nous visitons des milliers de maisons chaque ann\u00e9e pour comprendre les nombreux besoins, frustrations et d\u00e9fis de la vie quotidienne. Nous rassemblons toutes ces id\u00e9es et nous les int\u00e9grons dans tout ce que nous faisons, de la conception de notre gamme \u00e0 la cr\u00e9ation de belles solutions d&#8217;un excellent rapport qualit\u00e9-prix que vous connaissez et aimez. Cette expertise et ce savoir-faire nous rendent uniques. Nous souhaitons partager ces connaissances avec tout le monde\u00bb. La haute responsable a d\u00e9taill\u00e9 le concept de \u00abLa Maison Fonctionnelle\u00bb qui est cens\u00e9e \u00eatre accueillante, familiale, confortable, pratique et personnelle. Cette \u00abMaison Fonctionnelle\u00bb est \u00e0 la port\u00e9e de tous et tout le monde peut en faire une r\u00e9alit\u00e9.<\/p>\n\n\n\n<p>Le Magazine IKEA \u00abl&#8217;Extraordinaire dans l&#8217;ordinaire\u00bb a par ailleurs \u00e9t\u00e9 lanc\u00e9 pour rendre le quotidien non seulement meilleur, mais extraordinaire. Le premier num\u00e9ro sera enti\u00e8rement d\u00e9di\u00e9 \u00e0 \u00abLa Maison Fonctionnelle\u00bb, \u00e0 travers des inspirations, des recommandations, des conseils et des id\u00e9es pour am\u00e9nager n&#8217;importe quel espace, avec des \u00e9tapes simples et n\u00e9cessaires. Il est m\u00eame pr\u00e9vu une aide pour le choix des couleurs, que ce soit pour avoir une bonne ambiance pour travailler, se d\u00e9tendre ou simplement s&#8217;amuser.<\/p>\n\n\n\n<p>\u00abLes magasins IKEA jouent un r\u00f4le-cl\u00e9 dans le mouvement \u00abL&#8217;extraordinaire dans l&#8217;ordinaire\u00bb. C\u2019est pourquoi des ateliers, des conf\u00e9rences, des pr\u00e9sentations, des concours et des jeux seront organis\u00e9s en vue d\u2019inspirer les gens dans la bonne humeur\u00bb, assure Elisa Albendea.<\/p>\n\n\n\n<p>Moment fort int\u00e9ressant de la pr\u00e9sentation&nbsp;: les m\u00e9dias ont pu voir sur place un espace d\u2019\u00e0 peine 13 m2, agenc\u00e9 pour permettre \u00e0 la jeune fille qui l\u2019occupe de s\u2019adonner \u00e0 son hobby qui est la photographie, travailler ses cours, recevoir ses amis et naturellement disposer d\u2019un espace confortable pour dormir&nbsp;!<\/p>\n\n\n\n<p><strong>LAIDIA FAHIM<\/strong><\/p>\n","protected":false},"excerpt":{"rendered":"<p>En pr\u00e9sence des repr\u00e9sentants de la presse nationale, IKEA a lanc\u00e9 le mouvement \u00abL&#8217;extraordinaire dans l&#8217;ordinaire\u00bb, hier mardi sur le site IKEA Z\u00e9nata, en pr\u00e9sence d\u2019Elisa Albendea, Directrice Marketing et de la Communication d\u2019IKEA pour le Kowe\u00eft, la Jordanie et le Maroc, ainsi que de l&#8217;\u00e9quipe de direction avec, \u00e0 sa t\u00eate, Adil Majd (photo), &hellip;<\/p>\n","protected":false},"author":9,"featured_media":17602,"comment_status":"open","ping_status":"closed","sticky":false,"template":"","format":"standard","meta":{"footnotes":""},"categories":[830],"tags":[],"class_list":["post-17601","post","type-post","status-publish","format-standard","has-post-thumbnail","hentry","category-bien-vivre"],"_links":{"self":[{"href":"https:\/\/letempsmag.ma\/index.php?rest_route=\/wp\/v2\/posts\/17601","targetHints":{"allow":["GET"]}}],"collection":[{"href":"https:\/\/letempsmag.ma\/index.php?rest_route=\/wp\/v2\/posts"}],"about":[{"href":"https:\/\/letempsmag.ma\/index.php?rest_route=\/wp\/v2\/types\/post"}],"author":[{"embeddable":true,"href":"https:\/\/letempsmag.ma\/index.php?rest_route=\/wp\/v2\/users\/9"}],"replies":[{"embeddable":true,"href":"https:\/\/letempsmag.ma\/index.php?rest_route=%2Fwp%2Fv2%2Fcomments&post=17601"}],"version-history":[{"count":2,"href":"https:\/\/letempsmag.ma\/index.php?rest_route=\/wp\/v2\/posts\/17601\/revisions"}],"predecessor-version":[{"id":17622,"href":"https:\/\/letempsmag.ma\/index.php?rest_route=\/wp\/v2\/posts\/17601\/revisions\/17622"}],"wp:featuredmedia":[{"embeddable":true,"href":"https:\/\/letempsmag.ma\/index.php?rest_route=\/wp\/v2\/media\/17602"}],"wp:attachment":[{"href":"https:\/\/letempsmag.ma\/index.php?rest_route=%2Fwp%2Fv2%2Fmedia&parent=17601"}],"wp:term":[{"taxonomy":"category","embeddable":true,"href":"https:\/\/letempsmag.ma\/index.php?rest_route=%2Fwp%2Fv2%2Fcategories&post=17601"},{"taxonomy":"post_tag","embeddable":true,"href":"https:\/\/letempsmag.ma\/index.php?rest_route=%2Fwp%2Fv2%2Ftags&post=17601"}],"curies":[{"name":"wp","href":"https:\/\/api.w.org\/{rel}","templated":true}]}}