{"id":17579,"date":"2022-09-20T10:04:57","date_gmt":"2022-09-20T09:04:57","guid":{"rendered":"https:\/\/letempsmag.ma\/?p=17579"},"modified":"2022-09-20T10:04:58","modified_gmt":"2022-09-20T09:04:58","slug":"les-2emes-assises-nationales-du-developpement-humain-se-sont-ouvertes-a-skhirate","status":"publish","type":"post","link":"https:\/\/letempsmag.ma\/?p=17579","title":{"rendered":"Les 2\u00e8mes Assises Nationales du D\u00e9veloppement Humain se sont ouvertes \u00e0 Skhirate"},"content":{"rendered":"\n<p>Les travaux de la deuxi\u00e8me \u00e9dition des Assises Nationales du D\u00e9veloppement Humain se sont ouverts, hier lundi \u00e0 Skhirate, sous le th\u00e8me \u00abLa qualit\u00e9 des apprentissages, cl\u00e9 du d\u00e9veloppement humain\u00bb. La c\u00e9r\u00e9monie d\u2019ouverture de ces Assises, organis\u00e9es par l\u2019Initiative Nationale pour le D\u00e9veloppement Humain (INDH), sous le haut patronage de S.M. le Roi Mohammed VI, a \u00e9t\u00e9 marqu\u00e9e par la pr\u00e9sence de plusieurs membres du gouvernement concern\u00e9s par la mise en \u0153uvre de l\u2019INDH, de repr\u00e9sentants d\u2019organismes internationaux et d\u2019institutions publiques, de diplomates et de nombre d\u2019acteurs publics et priv\u00e9s.<\/p>\n\n\n\n<p>Ces Assises s\u2019assignent pour objectifs de mobiliser les diff\u00e9rents acteurs du d\u00e9veloppement humain autour de th\u00e9matiques importantes et urgentes et d\u2019explorer des pratiques, outils et m\u00e9thodes innovantes se rapportant aux questions relatives au d\u00e9veloppement humain en g\u00e9n\u00e9ral, et au d\u00e9veloppement du capital humain en particulier, ainsi que de donner une visibilit\u00e9 accrue aux activit\u00e9s de l\u2019INDH et de partager les bonnes pratiques au niveau de l\u2019\u00e9cosyst\u00e8me national du d\u00e9veloppement humain.<\/p>\n\n\n\n<p>La th\u00e9matique choisie pour cette \u00e9dition s\u2019inscrit dans les recommandations du nouveau Mod\u00e8le de d\u00e9veloppement du Royaume, ainsi que dans la dynamique de r\u00e9forme enclench\u00e9e par le minist\u00e8re de l\u2019\u00c9ducation nationale, du Pr\u00e9scolaire et des Sports pour \u00abune renaissance \u00e9ducative\u00bb au niveau national, tout en se penchant sur l\u2019am\u00e9lioration de la qualit\u00e9 des apprentissages, l\u2019objectif \u00e9tant de favoriser les \u00e9changes entre les diff\u00e9rents participants afin de contribuer \u00e0 faire avancer la r\u00e9flexion en faveur de la r\u00e9forme en cours.<\/p>\n\n\n\n<p>Depuis son lancement en mai 2005, par le Souverain, l\u2019INDH s\u2019est r\u00e9solument engag\u00e9e dans la lutte contre la pr\u00e9carit\u00e9 et l\u2019exclusion sociale sous toutes ses formes au sein de la soci\u00e9t\u00e9 marocaine. Ce chantier de r\u00e8gne, dont la troisi\u00e8me phase (2019-2023) a \u00e9t\u00e9 lanc\u00e9e le 19 septembre 2018, a recentr\u00e9 son action sur l\u2019impulsion du capital humain au Maroc, tout en capitalisant sur les acquis des deux premi\u00e8res phases.<\/p>\n\n\n\n<p><strong>C. A.<\/strong><\/p>\n","protected":false},"excerpt":{"rendered":"<p>Les travaux de la deuxi\u00e8me \u00e9dition des Assises Nationales du D\u00e9veloppement Humain se sont ouverts, hier lundi \u00e0 Skhirate, sous le th\u00e8me \u00abLa qualit\u00e9 des apprentissages, cl\u00e9 du d\u00e9veloppement humain\u00bb. La c\u00e9r\u00e9monie d\u2019ouverture de ces Assises, organis\u00e9es par l\u2019Initiative Nationale pour le D\u00e9veloppement Humain (INDH), sous le haut patronage de S.M. le Roi Mohammed VI, &hellip;<\/p>\n","protected":false},"author":9,"featured_media":17580,"comment_status":"open","ping_status":"closed","sticky":false,"template":"","format":"standard","meta":{"footnotes":""},"categories":[360],"tags":[],"class_list":["post-17579","post","type-post","status-publish","format-standard","has-post-thumbnail","hentry","category-indh"],"_links":{"self":[{"href":"https:\/\/letempsmag.ma\/index.php?rest_route=\/wp\/v2\/posts\/17579","targetHints":{"allow":["GET"]}}],"collection":[{"href":"https:\/\/letempsmag.ma\/index.php?rest_route=\/wp\/v2\/posts"}],"about":[{"href":"https:\/\/letempsmag.ma\/index.php?rest_route=\/wp\/v2\/types\/post"}],"author":[{"embeddable":true,"href":"https:\/\/letempsmag.ma\/index.php?rest_route=\/wp\/v2\/users\/9"}],"replies":[{"embeddable":true,"href":"https:\/\/letempsmag.ma\/index.php?rest_route=%2Fwp%2Fv2%2Fcomments&post=17579"}],"version-history":[{"count":1,"href":"https:\/\/letempsmag.ma\/index.php?rest_route=\/wp\/v2\/posts\/17579\/revisions"}],"predecessor-version":[{"id":17581,"href":"https:\/\/letempsmag.ma\/index.php?rest_route=\/wp\/v2\/posts\/17579\/revisions\/17581"}],"wp:featuredmedia":[{"embeddable":true,"href":"https:\/\/letempsmag.ma\/index.php?rest_route=\/wp\/v2\/media\/17580"}],"wp:attachment":[{"href":"https:\/\/letempsmag.ma\/index.php?rest_route=%2Fwp%2Fv2%2Fmedia&parent=17579"}],"wp:term":[{"taxonomy":"category","embeddable":true,"href":"https:\/\/letempsmag.ma\/index.php?rest_route=%2Fwp%2Fv2%2Fcategories&post=17579"},{"taxonomy":"post_tag","embeddable":true,"href":"https:\/\/letempsmag.ma\/index.php?rest_route=%2Fwp%2Fv2%2Ftags&post=17579"}],"curies":[{"name":"wp","href":"https:\/\/api.w.org\/{rel}","templated":true}]}}