{"id":17570,"date":"2022-09-20T10:02:47","date_gmt":"2022-09-20T09:02:47","guid":{"rendered":"https:\/\/letempsmag.ma\/?p=17570"},"modified":"2022-09-20T10:02:48","modified_gmt":"2022-09-20T09:02:48","slug":"biougnach-ouvre-a-bouskoura-son-13eme-point-a-lechelle-nationale","status":"publish","type":"post","link":"https:\/\/letempsmag.ma\/?p=17570","title":{"rendered":"Biougnach ouvre \u00e0 Bouskoura son 13\u00e8me point \u00e0 l\u2019\u00e9chelle nationale"},"content":{"rendered":"\n<p>Biougnach, un des acteurs leaders de la distribution de l\u2019\u00e9lectrom\u00e9nager au Maroc, consolide sa pr\u00e9sence \u00e0 Casablanca en ouvrant un quatri\u00e8me magasin dans la Ville Verte de Bouskoura. L\u2019enseigne existe dans la capitale \u00e9conomique depuis 2009 avec des magasins implant\u00e9s dans les quartiers les plus dynamiques, en l\u2019occurrence Bourgogne, Avenue 2 Mars et A\u00efn Seba\u00e2.<\/p>\n\n\n\n<p>Dans un souci de proximit\u00e9, l\u2019ouverture du nouveau showroom \u00e0 Bouskoura vient r\u00e9pondre \u00e0 une demande croissante de la part des m\u00e9nages install\u00e9s dans cette zone dynamique. Celle-ci s\u2019inscrit dans la strat\u00e9gie de d\u00e9veloppement fix\u00e9e par Biougnach qui compte \u00e0 son actif aujourd\u2019hui 13 magasins sur le territoire national. \u00c0 cet effet, l\u2019enseigne entend renforcer davantage sa pr\u00e9sence \u00e0 travers le Royaume, au cours des trois prochaines ann\u00e9es. \u00ab\u00c0 l\u2019horizon 2025, Biougnach aspire \u00e0 \u00eatre disponible dans un p\u00e9rim\u00e8tre de 30 km pour au moins 85% de la population urbaine marocaine\u00bb, d\u00e9clare Isma\u00efl Biougnach, Directeur des Op\u00e9rations et porte-parole de la marque.<\/p>\n","protected":false},"excerpt":{"rendered":"<p>Biougnach, un des acteurs leaders de la distribution de l\u2019\u00e9lectrom\u00e9nager au Maroc, consolide sa pr\u00e9sence \u00e0 Casablanca en ouvrant un quatri\u00e8me magasin dans la Ville Verte de Bouskoura. L\u2019enseigne existe dans la capitale \u00e9conomique depuis 2009 avec des magasins implant\u00e9s dans les quartiers les plus dynamiques, en l\u2019occurrence Bourgogne, Avenue 2 Mars et A\u00efn Seba\u00e2. &hellip;<\/p>\n","protected":false},"author":9,"featured_media":17571,"comment_status":"open","ping_status":"closed","sticky":false,"template":"","format":"standard","meta":{"footnotes":""},"categories":[269],"tags":[],"class_list":["post-17570","post","type-post","status-publish","format-standard","has-post-thumbnail","hentry","category-distribution"],"_links":{"self":[{"href":"https:\/\/letempsmag.ma\/index.php?rest_route=\/wp\/v2\/posts\/17570","targetHints":{"allow":["GET"]}}],"collection":[{"href":"https:\/\/letempsmag.ma\/index.php?rest_route=\/wp\/v2\/posts"}],"about":[{"href":"https:\/\/letempsmag.ma\/index.php?rest_route=\/wp\/v2\/types\/post"}],"author":[{"embeddable":true,"href":"https:\/\/letempsmag.ma\/index.php?rest_route=\/wp\/v2\/users\/9"}],"replies":[{"embeddable":true,"href":"https:\/\/letempsmag.ma\/index.php?rest_route=%2Fwp%2Fv2%2Fcomments&post=17570"}],"version-history":[{"count":1,"href":"https:\/\/letempsmag.ma\/index.php?rest_route=\/wp\/v2\/posts\/17570\/revisions"}],"predecessor-version":[{"id":17572,"href":"https:\/\/letempsmag.ma\/index.php?rest_route=\/wp\/v2\/posts\/17570\/revisions\/17572"}],"wp:featuredmedia":[{"embeddable":true,"href":"https:\/\/letempsmag.ma\/index.php?rest_route=\/wp\/v2\/media\/17571"}],"wp:attachment":[{"href":"https:\/\/letempsmag.ma\/index.php?rest_route=%2Fwp%2Fv2%2Fmedia&parent=17570"}],"wp:term":[{"taxonomy":"category","embeddable":true,"href":"https:\/\/letempsmag.ma\/index.php?rest_route=%2Fwp%2Fv2%2Fcategories&post=17570"},{"taxonomy":"post_tag","embeddable":true,"href":"https:\/\/letempsmag.ma\/index.php?rest_route=%2Fwp%2Fv2%2Ftags&post=17570"}],"curies":[{"name":"wp","href":"https:\/\/api.w.org\/{rel}","templated":true}]}}