{"id":17434,"date":"2022-09-15T10:46:44","date_gmt":"2022-09-15T09:46:44","guid":{"rendered":"https:\/\/letempsmag.ma\/?p=17434"},"modified":"2022-09-15T11:28:38","modified_gmt":"2022-09-15T10:28:38","slug":"un-second-round-plein-de-bonnes-intentions","status":"publish","type":"post","link":"https:\/\/letempsmag.ma\/?p=17434","title":{"rendered":"Un second round plein de\u2026 bonnes intentions"},"content":{"rendered":"\n<p>Oui, le second round du dialogue social s\u2019annonce plein de bonnes intentions\u00a0! \u00c0 moins que les partenaires sociaux se braquent, par-ci, par-l\u00e0, sur des dossiers chauds, en cours de route. En tout \u00e9tat de cause, le second round a \u00e9t\u00e9 lanc\u00e9 le 14 septembre courant, \u00e0 l&#8217;initiative du Chef du gouvernement, Aziz Akhannouch, en pr\u00e9sence des Ministres concern\u00e9s, ainsi que des repr\u00e9sentants des centrales syndicales et du patronat. Tenu au si\u00e8ge de la Primature, le nouveau round est d\u2019embl\u00e9e caract\u00e9ris\u00e9 par la d\u00e9cision de mettre en place des commissions conjointes devant traiter les questions d&#8217;actualit\u00e9, conform\u00e9ment \u00e0 l&#8217;\u00e9ch\u00e9ancier arr\u00eat\u00e9 par l\u2019accord du 30 avril dernier, portant notamment sur la r\u00e9vision du r\u00e9gime de l&#8217;imp\u00f4t sur le revenu (IR), la r\u00e9forme des r\u00e9gimes de retraite et le r\u00e9examen d&#8217;un ensemble de l\u00e9gislations du travail. Il a \u00e9t\u00e9 \u00e9galement convenu d&#8217;\u00e9laborer une vision commune pour la mise en place de l&#8217;Observatoire National du Dialogue Social et de l&#8217;Acad\u00e9mie de la formation dans le domaine du travail, de l&#8217;emploi et du climat social, en tant que m\u00e9canismes d&#8217;accompagnement pour l&#8217;institutionnalisation du dialogue social. Au plan sectoriel, le gouvernement et les centrales syndicales ont salu\u00e9 l&#8217;\u00e9volution du dialogue social dans le secteur de l&#8217;enseignement, mettant l&#8217;accent sur la n\u00e9cessit\u00e9 d&#8217;acc\u00e9l\u00e9rer la cadence des r\u00e9unions entre le D\u00e9partement de tutelle et les syndicats du secteur de l&#8217;enseignement les plus repr\u00e9sentatifs, au sujet du statut du personnel de l&#8217;enseignement, et ce, afin de trancher au sujet de cette question dans un d\u00e9lai raisonnable de mani\u00e8re \u00e0 permettre d&#8217;inclure ses dispositions \u00e0 impact budg\u00e9taire dans la Loi de Finances de l\u2019ann\u00e9e 2023. Le communiqu\u00e9 rappelle que le gouvernement a veill\u00e9, en mati\u00e8re de r\u00e9forme des r\u00e9gimes de retraite et dans le cadre de la mise en \u0153uvre des dispositions de l&#8217;accord du 30 avril dernier, \u00e0 r\u00e9duire les conditions d&#8217;acc\u00e8s \u00e0 la pension de vieillesse.<\/p>\n\n\n\n<p><strong>M. E.<\/strong><\/p>\n","protected":false},"excerpt":{"rendered":"<p>Oui, le second round du dialogue social s\u2019annonce plein de bonnes intentions\u00a0! \u00c0 moins que les partenaires sociaux se braquent, par-ci, par-l\u00e0, sur des dossiers chauds, en cours de route. En tout \u00e9tat de cause, le second round a \u00e9t\u00e9 lanc\u00e9 le 14 septembre courant, \u00e0 l&#8217;initiative du Chef du gouvernement, Aziz Akhannouch, en pr\u00e9sence &hellip;<\/p>\n","protected":false},"author":9,"featured_media":17435,"comment_status":"open","ping_status":"closed","sticky":false,"template":"","format":"standard","meta":{"footnotes":""},"categories":[469],"tags":[],"class_list":["post-17434","post","type-post","status-publish","format-standard","has-post-thumbnail","hentry","category-dialogue-social"],"_links":{"self":[{"href":"https:\/\/letempsmag.ma\/index.php?rest_route=\/wp\/v2\/posts\/17434","targetHints":{"allow":["GET"]}}],"collection":[{"href":"https:\/\/letempsmag.ma\/index.php?rest_route=\/wp\/v2\/posts"}],"about":[{"href":"https:\/\/letempsmag.ma\/index.php?rest_route=\/wp\/v2\/types\/post"}],"author":[{"embeddable":true,"href":"https:\/\/letempsmag.ma\/index.php?rest_route=\/wp\/v2\/users\/9"}],"replies":[{"embeddable":true,"href":"https:\/\/letempsmag.ma\/index.php?rest_route=%2Fwp%2Fv2%2Fcomments&post=17434"}],"version-history":[{"count":2,"href":"https:\/\/letempsmag.ma\/index.php?rest_route=\/wp\/v2\/posts\/17434\/revisions"}],"predecessor-version":[{"id":17440,"href":"https:\/\/letempsmag.ma\/index.php?rest_route=\/wp\/v2\/posts\/17434\/revisions\/17440"}],"wp:featuredmedia":[{"embeddable":true,"href":"https:\/\/letempsmag.ma\/index.php?rest_route=\/wp\/v2\/media\/17435"}],"wp:attachment":[{"href":"https:\/\/letempsmag.ma\/index.php?rest_route=%2Fwp%2Fv2%2Fmedia&parent=17434"}],"wp:term":[{"taxonomy":"category","embeddable":true,"href":"https:\/\/letempsmag.ma\/index.php?rest_route=%2Fwp%2Fv2%2Fcategories&post=17434"},{"taxonomy":"post_tag","embeddable":true,"href":"https:\/\/letempsmag.ma\/index.php?rest_route=%2Fwp%2Fv2%2Ftags&post=17434"}],"curies":[{"name":"wp","href":"https:\/\/api.w.org\/{rel}","templated":true}]}}