{"id":17431,"date":"2022-09-15T10:45:57","date_gmt":"2022-09-15T09:45:57","guid":{"rendered":"https:\/\/letempsmag.ma\/?p=17431"},"modified":"2022-09-15T10:45:59","modified_gmt":"2022-09-15T09:45:59","slug":"le-pole-dgsn-dgst-et-le-cndh-nouent-un-partenariat-inedit","status":"publish","type":"post","link":"https:\/\/letempsmag.ma\/?p=17431","title":{"rendered":"Le P\u00f4le DGSN-DGST et le CNDH nouent un partenariat in\u00e9dit"},"content":{"rendered":"\n<p>Abdellatif Hammouchi, Directeur G\u00e9n\u00e9ral de la S\u00fbret\u00e9 Nationale et de la Surveillance du Territoire (DGSN-DGST), et Amina Bouayach, Pr\u00e9sidente du Conseil National des Droits de l\u2019Homme (CNDH), ont sign\u00e9 mercredi dernier \u00e0 Rabat une convention de partenariat et de coop\u00e9ration institutionnelle portant sur la formation et le renforcement du respect des droits humains dans l&#8217;exercice de la fonction polici\u00e8re. En vertu de cet accord, les deux parties organiseront une journ\u00e9e d&#8217;\u00e9tude nationale, en pr\u00e9sence de personnalit\u00e9s nationales et internationales, repr\u00e9sentants des m\u00e9canismes des droits de l&#8217;homme des Nations-Unies, en plus du lancement d&#8217;un programme de formation int\u00e9gr\u00e9 comprenant des ateliers de formation au profit des fonctionnaires de la S\u00fbret\u00e9 nationale charg\u00e9s de la garde des lieux destin\u00e9s \u00e0 la d\u00e9tention et \u00e0 la privation de libert\u00e9. (Photo&nbsp;: Le360).<\/p>\n","protected":false},"excerpt":{"rendered":"<p>Abdellatif Hammouchi, Directeur G\u00e9n\u00e9ral de la S\u00fbret\u00e9 Nationale et de la Surveillance du Territoire (DGSN-DGST), et Amina Bouayach, Pr\u00e9sidente du Conseil National des Droits de l\u2019Homme (CNDH), ont sign\u00e9 mercredi dernier \u00e0 Rabat une convention de partenariat et de coop\u00e9ration institutionnelle portant sur la formation et le renforcement du respect des droits humains dans l&#8217;exercice &hellip;<\/p>\n","protected":false},"author":9,"featured_media":17432,"comment_status":"open","ping_status":"closed","sticky":false,"template":"","format":"standard","meta":{"footnotes":""},"categories":[624],"tags":[],"class_list":["post-17431","post","type-post","status-publish","format-standard","has-post-thumbnail","hentry","category-droits-humains"],"_links":{"self":[{"href":"https:\/\/letempsmag.ma\/index.php?rest_route=\/wp\/v2\/posts\/17431","targetHints":{"allow":["GET"]}}],"collection":[{"href":"https:\/\/letempsmag.ma\/index.php?rest_route=\/wp\/v2\/posts"}],"about":[{"href":"https:\/\/letempsmag.ma\/index.php?rest_route=\/wp\/v2\/types\/post"}],"author":[{"embeddable":true,"href":"https:\/\/letempsmag.ma\/index.php?rest_route=\/wp\/v2\/users\/9"}],"replies":[{"embeddable":true,"href":"https:\/\/letempsmag.ma\/index.php?rest_route=%2Fwp%2Fv2%2Fcomments&post=17431"}],"version-history":[{"count":1,"href":"https:\/\/letempsmag.ma\/index.php?rest_route=\/wp\/v2\/posts\/17431\/revisions"}],"predecessor-version":[{"id":17433,"href":"https:\/\/letempsmag.ma\/index.php?rest_route=\/wp\/v2\/posts\/17431\/revisions\/17433"}],"wp:featuredmedia":[{"embeddable":true,"href":"https:\/\/letempsmag.ma\/index.php?rest_route=\/wp\/v2\/media\/17432"}],"wp:attachment":[{"href":"https:\/\/letempsmag.ma\/index.php?rest_route=%2Fwp%2Fv2%2Fmedia&parent=17431"}],"wp:term":[{"taxonomy":"category","embeddable":true,"href":"https:\/\/letempsmag.ma\/index.php?rest_route=%2Fwp%2Fv2%2Fcategories&post=17431"},{"taxonomy":"post_tag","embeddable":true,"href":"https:\/\/letempsmag.ma\/index.php?rest_route=%2Fwp%2Fv2%2Ftags&post=17431"}],"curies":[{"name":"wp","href":"https:\/\/api.w.org\/{rel}","templated":true}]}}