{"id":17419,"date":"2022-09-15T10:42:06","date_gmt":"2022-09-15T09:42:06","guid":{"rendered":"https:\/\/letempsmag.ma\/?p=17419"},"modified":"2022-09-15T10:42:08","modified_gmt":"2022-09-15T09:42:08","slug":"les-plus-grands-developpeurs-des-tic-au-monde-se-retrouveront-a-agadir-en-octobre-prochain","status":"publish","type":"post","link":"https:\/\/letempsmag.ma\/?p=17419","title":{"rendered":"Les plus grands d\u00e9veloppeurs des TIC au monde se retrouveront \u00e0 Agadir en octobre prochain"},"content":{"rendered":"\n<p>La 9<sup>\u00e8me<\/sup> \u00e9dition de la conf\u00e9rence \u00abDevoxx Morocco\u00bb, qui r\u00e9unit les plus grands d\u00e9veloppeurs de TIC au monde, se tiendra \u00e0 Agadir du 4 au 6 octobre prochain. Organis\u00e9e sous le haut patronage de S.M. le Roi Mohammed VI, cette manifestation internationale marque son retour cette ann\u00e9e avec un v\u00e9ritable carrefour technologique qui r\u00e9affirme la vision de \u00abDevoxx Morocco\u00bb de maintenir un mouvement cr\u00e9\u00e9 autour de sa devise \u00abPar les d\u00e9veloppeurs, pour les d\u00e9veloppeurs\u00bb, ont indiqu\u00e9 les organisateurs de cet \u00e9v\u00e9nement, lors d\u2019une conf\u00e9rence de presse tenue lundi dernier.<\/p>\n\n\n\n<p>Dans une d\u00e9claration \u00e0 la MAP, le Pr\u00e9sident du Conseil de la r\u00e9gion Souss-Massa, Karim Achengli, a affirm\u00e9 que la digitalisation rev\u00eat aujourd\u2019hui une importance capitale dans divers domaines. La r\u00e9gion Souss-Massa en profite pour am\u00e9liorer et faire avancer les diff\u00e9rents services et secteurs \u00e9conomiques, notant que le Souss aspire \u00e0 devenir un p\u00f4le digital par excellence. \u00abL\u2019\u00e9v\u00e9nement Devoxx l\u2019occasion de r\u00e9unir de nombreux experts dans le domaine du digital, notamment des entreprises qui pr\u00e9senteront et partageront leur expertise\u00bb, a-t-il ajout\u00e9.<\/p>\n\n\n\n<p>Cette 9\u00e8me \u00e9dition sera organis\u00e9e par la soci\u00e9t\u00e9 X-Hub et le Conseil de la R\u00e9gion Souss-Massa en partenariat avec le minist\u00e8re de la Transition num\u00e9rique et de la R\u00e9forme de l\u2019Administration, la Conf\u00e9d\u00e9ration G\u00e9n\u00e9rale des Entreprises du Maroc (CGEM) antenne Souss-Massa, le Centre R\u00e9gional d\u2019Investissement (CRI) antenne Souss-Massa et la Chambre de Commerce, d\u2019Industrie et de Services Souss-Massa.<\/p>\n\n\n\n<p>La conf\u00e9rence \u00abDevoxx Morocco\u00bb incarne une plateforme d\u2019\u00e9changes et de r\u00e9seautage entre entreprises, professionnels et universitaires op\u00e9rant dans le domaine des technologies de l\u2019information. Depuis son lancement, elle propose des rencontres autour des nouvelles technologies du num\u00e9rique&nbsp;: Cloud, Big Data, mobile, internet des objets, intelligence artificielle, Blockchain, robotique, entrepreneuriat, innovation et cr\u00e9ativit\u00e9 technologique. (Photo&nbsp;: Media24).<\/p>\n\n\n\n<p><strong>C. A.<\/strong><\/p>\n","protected":false},"excerpt":{"rendered":"<p>La 9\u00e8me \u00e9dition de la conf\u00e9rence \u00abDevoxx Morocco\u00bb, qui r\u00e9unit les plus grands d\u00e9veloppeurs de TIC au monde, se tiendra \u00e0 Agadir du 4 au 6 octobre prochain. Organis\u00e9e sous le haut patronage de S.M. le Roi Mohammed VI, cette manifestation internationale marque son retour cette ann\u00e9e avec un v\u00e9ritable carrefour technologique qui r\u00e9affirme la &hellip;<\/p>\n","protected":false},"author":9,"featured_media":17420,"comment_status":"open","ping_status":"closed","sticky":false,"template":"","format":"standard","meta":{"footnotes":""},"categories":[825],"tags":[],"class_list":["post-17419","post","type-post","status-publish","format-standard","has-post-thumbnail","hentry","category-devoxx-morocco"],"_links":{"self":[{"href":"https:\/\/letempsmag.ma\/index.php?rest_route=\/wp\/v2\/posts\/17419","targetHints":{"allow":["GET"]}}],"collection":[{"href":"https:\/\/letempsmag.ma\/index.php?rest_route=\/wp\/v2\/posts"}],"about":[{"href":"https:\/\/letempsmag.ma\/index.php?rest_route=\/wp\/v2\/types\/post"}],"author":[{"embeddable":true,"href":"https:\/\/letempsmag.ma\/index.php?rest_route=\/wp\/v2\/users\/9"}],"replies":[{"embeddable":true,"href":"https:\/\/letempsmag.ma\/index.php?rest_route=%2Fwp%2Fv2%2Fcomments&post=17419"}],"version-history":[{"count":1,"href":"https:\/\/letempsmag.ma\/index.php?rest_route=\/wp\/v2\/posts\/17419\/revisions"}],"predecessor-version":[{"id":17421,"href":"https:\/\/letempsmag.ma\/index.php?rest_route=\/wp\/v2\/posts\/17419\/revisions\/17421"}],"wp:featuredmedia":[{"embeddable":true,"href":"https:\/\/letempsmag.ma\/index.php?rest_route=\/wp\/v2\/media\/17420"}],"wp:attachment":[{"href":"https:\/\/letempsmag.ma\/index.php?rest_route=%2Fwp%2Fv2%2Fmedia&parent=17419"}],"wp:term":[{"taxonomy":"category","embeddable":true,"href":"https:\/\/letempsmag.ma\/index.php?rest_route=%2Fwp%2Fv2%2Fcategories&post=17419"},{"taxonomy":"post_tag","embeddable":true,"href":"https:\/\/letempsmag.ma\/index.php?rest_route=%2Fwp%2Fv2%2Ftags&post=17419"}],"curies":[{"name":"wp","href":"https:\/\/api.w.org\/{rel}","templated":true}]}}