{"id":17409,"date":"2022-09-14T08:51:14","date_gmt":"2022-09-14T07:51:14","guid":{"rendered":"https:\/\/letempsmag.ma\/?p=17409"},"modified":"2022-09-14T08:51:15","modified_gmt":"2022-09-14T07:51:15","slug":"26-nouveaux-cas-au-maroc-en-24-heures-et-1-264-690-cas-cumules","status":"publish","type":"post","link":"https:\/\/letempsmag.ma\/?p=17409","title":{"rendered":"26 nouveaux cas au Maroc en 24 heures et 1.264.690 cas cumul\u00e9s"},"content":{"rendered":"\n<p>Un total de 26 nouveaux cas d&#8217;infection au \u00abCovid-19\u00bb et 28 gu\u00e9risons a \u00e9t\u00e9 enregistr\u00e9 au Maroc lord des derni\u00e8res 24 heures, a indiqu\u00e9 mardi le minist\u00e8re de la Sant\u00e9 et de la Protection sociale, qui fait \u00e9tat d&#8217;aucun nouveau d\u00e9c\u00e8s.<\/p>\n\n\n\n<p>Dans son bulletin quotidien sur la situation \u00e9pid\u00e9miologique, le minist\u00e8re a en outre pr\u00e9cis\u00e9 que le nombre de primo-vaccin\u00e9s a atteint 24.899.192, celui des personnes ayant re\u00e7u deux doses s&#8217;\u00e9l\u00e8ve \u00e0 23.392.891, alors que 6.781.618 personnes ont eu trois injections du vaccin et 45.095 ont re\u00e7u la quatri\u00e8me dose.<\/p>\n\n\n\n<p>Le nouveau bilan d&#8217;infections porte \u00e0 1.264.690 le nombre total des contaminations depuis le premier cas signal\u00e9 au Maroc le 2 mars 2020, tandis que le nombre des personnes r\u00e9tablies est pass\u00e9 \u00e0 1.248.251, soit un taux de gu\u00e9rison de 98,7%.<\/p>\n\n\n\n<p>Les nouveaux cas d&#8217;infection ont \u00e9t\u00e9 recens\u00e9s dans les r\u00e9gions de Casablanca-Settat (11), Rabat-Sal\u00e9-K\u00e9nitra (10), Dakhla Oued Eddahab (2), l&#8217;Oriental (1), Marrakech-Safi (1), Souss-Massa (1) et F\u00e8s-Mekn\u00e8s (1).<\/p>\n\n\n\n<p>Le nombre total des d\u00e9c\u00e8s est toujours de 16.276 (l\u00e9talit\u00e9 1,3%), avec z\u00e9ro cas enregistr\u00e9 lors des derni\u00e8res 24 heures.<\/p>\n\n\n\n<p>Les cas actifs sont au nombre de 163 alors que les cas s\u00e9v\u00e8res ou critiques sont de 11, avec un cas signal\u00e9 lors des derni\u00e8res 24 heures. Quant au taux d&#8217;occupation des lits de r\u00e9animation, il se situe \u00e0 0,2%.<\/p>\n","protected":false},"excerpt":{"rendered":"<p>Un total de 26 nouveaux cas d&#8217;infection au \u00abCovid-19\u00bb et 28 gu\u00e9risons a \u00e9t\u00e9 enregistr\u00e9 au Maroc lord des derni\u00e8res 24 heures, a indiqu\u00e9 mardi le minist\u00e8re de la Sant\u00e9 et de la Protection sociale, qui fait \u00e9tat d&#8217;aucun nouveau d\u00e9c\u00e8s. Dans son bulletin quotidien sur la situation \u00e9pid\u00e9miologique, le minist\u00e8re a en outre pr\u00e9cis\u00e9 &hellip;<\/p>\n","protected":false},"author":9,"featured_media":17410,"comment_status":"open","ping_status":"closed","sticky":false,"template":"","format":"standard","meta":{"footnotes":""},"categories":[168],"tags":[],"class_list":["post-17409","post","type-post","status-publish","format-standard","has-post-thumbnail","hentry","category-pandemie-2"],"_links":{"self":[{"href":"https:\/\/letempsmag.ma\/index.php?rest_route=\/wp\/v2\/posts\/17409","targetHints":{"allow":["GET"]}}],"collection":[{"href":"https:\/\/letempsmag.ma\/index.php?rest_route=\/wp\/v2\/posts"}],"about":[{"href":"https:\/\/letempsmag.ma\/index.php?rest_route=\/wp\/v2\/types\/post"}],"author":[{"embeddable":true,"href":"https:\/\/letempsmag.ma\/index.php?rest_route=\/wp\/v2\/users\/9"}],"replies":[{"embeddable":true,"href":"https:\/\/letempsmag.ma\/index.php?rest_route=%2Fwp%2Fv2%2Fcomments&post=17409"}],"version-history":[{"count":1,"href":"https:\/\/letempsmag.ma\/index.php?rest_route=\/wp\/v2\/posts\/17409\/revisions"}],"predecessor-version":[{"id":17411,"href":"https:\/\/letempsmag.ma\/index.php?rest_route=\/wp\/v2\/posts\/17409\/revisions\/17411"}],"wp:featuredmedia":[{"embeddable":true,"href":"https:\/\/letempsmag.ma\/index.php?rest_route=\/wp\/v2\/media\/17410"}],"wp:attachment":[{"href":"https:\/\/letempsmag.ma\/index.php?rest_route=%2Fwp%2Fv2%2Fmedia&parent=17409"}],"wp:term":[{"taxonomy":"category","embeddable":true,"href":"https:\/\/letempsmag.ma\/index.php?rest_route=%2Fwp%2Fv2%2Fcategories&post=17409"},{"taxonomy":"post_tag","embeddable":true,"href":"https:\/\/letempsmag.ma\/index.php?rest_route=%2Fwp%2Fv2%2Ftags&post=17409"}],"curies":[{"name":"wp","href":"https:\/\/api.w.org\/{rel}","templated":true}]}}