{"id":17391,"date":"2022-09-13T11:15:50","date_gmt":"2022-09-13T10:15:50","guid":{"rendered":"https:\/\/letempsmag.ma\/?p=17391"},"modified":"2022-09-13T11:15:52","modified_gmt":"2022-09-13T10:15:52","slug":"nouveau-record-de-baisse-des-infections-au-maroc","status":"publish","type":"post","link":"https:\/\/letempsmag.ma\/?p=17391","title":{"rendered":"Nouveau record de baisse des infections au Maroc"},"content":{"rendered":"\n<p>Un nouveau record de baisse des infections au coronavirus a \u00e9t\u00e9 enregistr\u00e9 au Maroc sur les derni\u00e8res 24 heures avec seulement 5 nouveaux cas d\u00e9tect\u00e9s. 62 gu\u00e9risons ont \u00e9t\u00e9 par ailleurs enregistr\u00e9es, a indiqu\u00e9 lundi le minist\u00e8re de la Sant\u00e9 et de la Protection sociale, qui fait \u00e9tat d&#8217;aucun nouveau d\u00e9c\u00e8s.<\/p>\n\n\n\n<p>Dans son bulletin quotidien sur la situation \u00e9pid\u00e9miologique, le minist\u00e8re a en outre pr\u00e9cis\u00e9 que le nombre de primo-vaccin\u00e9s a atteint 24.898.585, celui des personnes ayant re\u00e7u deux doses s&#8217;\u00e9l\u00e8ve \u00e0 23.392.138, alors que 6.779.006 personnes ont eu trois injections du vaccin et 44.584 ont re\u00e7u la quatri\u00e8me dose.<\/p>\n\n\n\n<p>Le nouveau bilan d&#8217;infections porte \u00e0 1.264.664 le nombre total des contaminations depuis le premier cas signal\u00e9 au Maroc le 2 mars 2020, tandis que le nombre des personnes r\u00e9tablies est pass\u00e9 \u00e0 1.248.223, soit un taux de gu\u00e9rison de 98,7%.<\/p>\n\n\n\n<p>Les nouveaux cas d&#8217;infection ont \u00e9t\u00e9 recens\u00e9s dans les r\u00e9gions de Casablanca-Settat (1), Rabat-Sal\u00e9-K\u00e9nitra (1), Marrakech-Safi (1), Souss-Massa (1) et F\u00e8s-Mekn\u00e8s (1).<\/p>\n\n\n\n<p>Le nombre total des d\u00e9c\u00e8s est toujours de 16.276 (l\u00e9talit\u00e9 1,3%), avec z\u00e9ro cas enregistr\u00e9 lors des derni\u00e8res 24 heures.<\/p>\n\n\n\n<p>Les cas actifs sont au nombre de 165 alors que les cas s\u00e9v\u00e8res ou critiques sont de 10, avec z\u00e9ro cas enregistr\u00e9 lors des derni\u00e8res 24 heures. Quant au taux d&#8217;occupation des lits de r\u00e9animation, il se situe \u00e0 0,2%.<\/p>\n","protected":false},"excerpt":{"rendered":"<p>Un nouveau record de baisse des infections au coronavirus a \u00e9t\u00e9 enregistr\u00e9 au Maroc sur les derni\u00e8res 24 heures avec seulement 5 nouveaux cas d\u00e9tect\u00e9s. 62 gu\u00e9risons ont \u00e9t\u00e9 par ailleurs enregistr\u00e9es, a indiqu\u00e9 lundi le minist\u00e8re de la Sant\u00e9 et de la Protection sociale, qui fait \u00e9tat d&#8217;aucun nouveau d\u00e9c\u00e8s. Dans son bulletin quotidien &hellip;<\/p>\n","protected":false},"author":9,"featured_media":17392,"comment_status":"open","ping_status":"closed","sticky":false,"template":"","format":"standard","meta":{"footnotes":""},"categories":[168],"tags":[],"class_list":["post-17391","post","type-post","status-publish","format-standard","has-post-thumbnail","hentry","category-pandemie-2"],"_links":{"self":[{"href":"https:\/\/letempsmag.ma\/index.php?rest_route=\/wp\/v2\/posts\/17391","targetHints":{"allow":["GET"]}}],"collection":[{"href":"https:\/\/letempsmag.ma\/index.php?rest_route=\/wp\/v2\/posts"}],"about":[{"href":"https:\/\/letempsmag.ma\/index.php?rest_route=\/wp\/v2\/types\/post"}],"author":[{"embeddable":true,"href":"https:\/\/letempsmag.ma\/index.php?rest_route=\/wp\/v2\/users\/9"}],"replies":[{"embeddable":true,"href":"https:\/\/letempsmag.ma\/index.php?rest_route=%2Fwp%2Fv2%2Fcomments&post=17391"}],"version-history":[{"count":1,"href":"https:\/\/letempsmag.ma\/index.php?rest_route=\/wp\/v2\/posts\/17391\/revisions"}],"predecessor-version":[{"id":17393,"href":"https:\/\/letempsmag.ma\/index.php?rest_route=\/wp\/v2\/posts\/17391\/revisions\/17393"}],"wp:featuredmedia":[{"embeddable":true,"href":"https:\/\/letempsmag.ma\/index.php?rest_route=\/wp\/v2\/media\/17392"}],"wp:attachment":[{"href":"https:\/\/letempsmag.ma\/index.php?rest_route=%2Fwp%2Fv2%2Fmedia&parent=17391"}],"wp:term":[{"taxonomy":"category","embeddable":true,"href":"https:\/\/letempsmag.ma\/index.php?rest_route=%2Fwp%2Fv2%2Fcategories&post=17391"},{"taxonomy":"post_tag","embeddable":true,"href":"https:\/\/letempsmag.ma\/index.php?rest_route=%2Fwp%2Fv2%2Ftags&post=17391"}],"curies":[{"name":"wp","href":"https:\/\/api.w.org\/{rel}","templated":true}]}}