{"id":17247,"date":"2022-09-08T10:25:54","date_gmt":"2022-09-08T09:25:54","guid":{"rendered":"https:\/\/letempsmag.ma\/?p=17247"},"modified":"2022-09-08T10:25:55","modified_gmt":"2022-09-08T09:25:55","slug":"lydec-appelle-le-grand-public-a-rationaliser-lutilisation-de-leau-potable","status":"publish","type":"post","link":"https:\/\/letempsmag.ma\/?p=17247","title":{"rendered":"Lydec appelle le grand public \u00e0 rationaliser l\u2019utilisation de l\u2019eau potable"},"content":{"rendered":"\n<p>En cette p\u00e9riode de s\u00e9cheresse et en raison de la situation hydrique critique au niveau des bassins hydrauliques approvisionnant la r\u00e9gion de Casablanca-Settat, Lydec poursuit la mise en \u0153uvre de son plan d\u2019actions pr\u00e9sent\u00e9 aux autorit\u00e9s en mars dernier, notamment les op\u00e9rations d\u2019optimisation de la pression d\u2019eau sur le r\u00e9seau, de jour comme de nuit. Ces op\u00e9rations permettent d\u2019\u00e9conomiser la ressource en diminuant les pertes d\u2019eau sur l\u2019ensemble du r\u00e9seau, y compris chez les clients, tout en maintenant l\u2019approvisionnement en continu.<\/p>\n\n\n\n<p>Dans ce contexte exceptionnel de baisse de la ressource, il est en effet plus que jamais urgent de poursuivre la rationalisation de la consommation en eau&nbsp;! En coh\u00e9rence avec les mesures prises par les autorit\u00e9s (notamment l\u2019arr\u00eat de l\u2019arrosage des espaces verts et du lavage des v\u00e9hicules avec de l\u2019eau potable), Lydec se dit pleinement mobilis\u00e9e et lance un appel \u00e0 l\u2019esprit civique et responsable de ses clients en les encourageant \u00e0 adopter des \u00e9co-gestes simples au quotidien qui contribuent \u00e0 la pr\u00e9servation de la ressource pr\u00e9cieuse.<\/p>\n\n\n\n<p>Tout en assurant les clients et les habitants du Grand Casablanca de sa mobilisation pour limiter En cas de perturbations constat\u00e9es, Lydec annonce rester \u00e0 l\u2019\u00e9coute et \u00e0 la disposition de ses clients \u00e0 travers le Centre de Relation Client\u00e8le (0522312020) 24h\/24 et 7j\/7.<\/p>\n","protected":false},"excerpt":{"rendered":"<p>En cette p\u00e9riode de s\u00e9cheresse et en raison de la situation hydrique critique au niveau des bassins hydrauliques approvisionnant la r\u00e9gion de Casablanca-Settat, Lydec poursuit la mise en \u0153uvre de son plan d\u2019actions pr\u00e9sent\u00e9 aux autorit\u00e9s en mars dernier, notamment les op\u00e9rations d\u2019optimisation de la pression d\u2019eau sur le r\u00e9seau, de jour comme de nuit. &hellip;<\/p>\n","protected":false},"author":9,"featured_media":17248,"comment_status":"open","ping_status":"closed","sticky":false,"template":"","format":"standard","meta":{"footnotes":""},"categories":[73],"tags":[],"class_list":["post-17247","post","type-post","status-publish","format-standard","has-post-thumbnail","hentry","category-stress-hydrique"],"_links":{"self":[{"href":"https:\/\/letempsmag.ma\/index.php?rest_route=\/wp\/v2\/posts\/17247","targetHints":{"allow":["GET"]}}],"collection":[{"href":"https:\/\/letempsmag.ma\/index.php?rest_route=\/wp\/v2\/posts"}],"about":[{"href":"https:\/\/letempsmag.ma\/index.php?rest_route=\/wp\/v2\/types\/post"}],"author":[{"embeddable":true,"href":"https:\/\/letempsmag.ma\/index.php?rest_route=\/wp\/v2\/users\/9"}],"replies":[{"embeddable":true,"href":"https:\/\/letempsmag.ma\/index.php?rest_route=%2Fwp%2Fv2%2Fcomments&post=17247"}],"version-history":[{"count":1,"href":"https:\/\/letempsmag.ma\/index.php?rest_route=\/wp\/v2\/posts\/17247\/revisions"}],"predecessor-version":[{"id":17249,"href":"https:\/\/letempsmag.ma\/index.php?rest_route=\/wp\/v2\/posts\/17247\/revisions\/17249"}],"wp:featuredmedia":[{"embeddable":true,"href":"https:\/\/letempsmag.ma\/index.php?rest_route=\/wp\/v2\/media\/17248"}],"wp:attachment":[{"href":"https:\/\/letempsmag.ma\/index.php?rest_route=%2Fwp%2Fv2%2Fmedia&parent=17247"}],"wp:term":[{"taxonomy":"category","embeddable":true,"href":"https:\/\/letempsmag.ma\/index.php?rest_route=%2Fwp%2Fv2%2Fcategories&post=17247"},{"taxonomy":"post_tag","embeddable":true,"href":"https:\/\/letempsmag.ma\/index.php?rest_route=%2Fwp%2Fv2%2Ftags&post=17247"}],"curies":[{"name":"wp","href":"https:\/\/api.w.org\/{rel}","templated":true}]}}