{"id":17214,"date":"2022-09-07T12:03:07","date_gmt":"2022-09-07T11:03:07","guid":{"rendered":"https:\/\/letempsmag.ma\/?p=17214"},"modified":"2022-09-07T12:03:08","modified_gmt":"2022-09-07T11:03:08","slug":"pour-sa-20eme-edition-le-festival-lboulevard-tend-la-main-aux-artistes-impactes-par-le-covid","status":"publish","type":"post","link":"https:\/\/letempsmag.ma\/?p=17214","title":{"rendered":"Pour sa 20\u00e8me \u00e9dition, le festival L\u2019Boulevard tend la main aux artistes impact\u00e9s par le \u00abCovid\u00bb"},"content":{"rendered":"\n<p>Le programme de la 20\u00e8me \u00e9dition de L\u2019Boulevard, pr\u00e9vue du 23 septembre au 2 octobre prochain a \u00e9t\u00e9 d\u00e9voil\u00e9, lundi dernier, lors d\u2019une conf\u00e9rence de presse organis\u00e9e \u00e0 Casablanca. Apr\u00e8s deux ann\u00e9es d\u2019arr\u00eat \u00e0 cause du \u00abCovid-19\u00bb, les organisateurs ont choisi de mettre \u00e0 l\u2019honneur les groupes marocains pour promouvoir la cr\u00e9ativit\u00e9 locale.<\/p>\n\n\n\n<p>Lors de cette \u00e9dition 2022, cinq groupes \u00e9trangers de renom prendront part \u00e0 l\u2019\u00e9v\u00e9nement. Il s\u2019agit des v\u00e9t\u00e9rans du m\u00e9tal polonais \u00abVader\u00bb, le groupe togolais \u00abArka\u2019n Asrafokor\u00bb qui commence \u00e0 gagner du terrain sur la sc\u00e8ne international, le groupe fran\u00e7ais \u00abPsykup\u00bb, toujours bien plac\u00e9 sur la cime du m\u00e9tal fran\u00e7ais, le groupe de reggae italo-jama\u00efcain \u00abAlborosie &amp; Shengen Clan\u00bb qui a connu un succ\u00e8s mondial et le groupe fran\u00e7ais \u00abL\u2019Entourloop\u00bb.<\/p>\n\n\n\n<p>\u00c0 cette occasion, le Directeur du festival, Mohamed Merhari alias Momo, a soulign\u00e9 que L\u2019Boulevard, de retour apr\u00e8s la crise du coronavirus, a choisi de miser sur les talents marocains qui ont souffert de la crise sanitaire du \u00abCovid\u00bb, notant que le festival n\u2019a pas pu satisfaire le nombre important des demandes des artistes locaux. Selon lui, la 20\u00e8me \u00e9dition reste fid\u00e8le \u00e0 la vocation du festival avec notamment le Tremplin L\u2019Boulevard, comp\u00e9tition musicale qui met en avant les talents locaux, relevant que le comit\u00e9 de cette \u00e9dition a re\u00e7u un total de 273 dossiers (220 candidatures en rap-hip hop, 14 en rock-metal et 39 en fusion et autres musiques actuelles. Les gagnants vont jouer en premi\u00e8re partie des concerts programm\u00e9s lors de la 2\u00e8me partie du festival, du 30 septembre au 2 octobre.<\/p>\n\n\n\n<p><strong>C. A.<\/strong><\/p>\n","protected":false},"excerpt":{"rendered":"<p>Le programme de la 20\u00e8me \u00e9dition de L\u2019Boulevard, pr\u00e9vue du 23 septembre au 2 octobre prochain a \u00e9t\u00e9 d\u00e9voil\u00e9, lundi dernier, lors d\u2019une conf\u00e9rence de presse organis\u00e9e \u00e0 Casablanca. Apr\u00e8s deux ann\u00e9es d\u2019arr\u00eat \u00e0 cause du \u00abCovid-19\u00bb, les organisateurs ont choisi de mettre \u00e0 l\u2019honneur les groupes marocains pour promouvoir la cr\u00e9ativit\u00e9 locale. Lors de &hellip;<\/p>\n","protected":false},"author":9,"featured_media":17215,"comment_status":"open","ping_status":"closed","sticky":false,"template":"","format":"standard","meta":{"footnotes":""},"categories":[332],"tags":[],"class_list":["post-17214","post","type-post","status-publish","format-standard","has-post-thumbnail","hentry","category-musique"],"_links":{"self":[{"href":"https:\/\/letempsmag.ma\/index.php?rest_route=\/wp\/v2\/posts\/17214","targetHints":{"allow":["GET"]}}],"collection":[{"href":"https:\/\/letempsmag.ma\/index.php?rest_route=\/wp\/v2\/posts"}],"about":[{"href":"https:\/\/letempsmag.ma\/index.php?rest_route=\/wp\/v2\/types\/post"}],"author":[{"embeddable":true,"href":"https:\/\/letempsmag.ma\/index.php?rest_route=\/wp\/v2\/users\/9"}],"replies":[{"embeddable":true,"href":"https:\/\/letempsmag.ma\/index.php?rest_route=%2Fwp%2Fv2%2Fcomments&post=17214"}],"version-history":[{"count":1,"href":"https:\/\/letempsmag.ma\/index.php?rest_route=\/wp\/v2\/posts\/17214\/revisions"}],"predecessor-version":[{"id":17216,"href":"https:\/\/letempsmag.ma\/index.php?rest_route=\/wp\/v2\/posts\/17214\/revisions\/17216"}],"wp:featuredmedia":[{"embeddable":true,"href":"https:\/\/letempsmag.ma\/index.php?rest_route=\/wp\/v2\/media\/17215"}],"wp:attachment":[{"href":"https:\/\/letempsmag.ma\/index.php?rest_route=%2Fwp%2Fv2%2Fmedia&parent=17214"}],"wp:term":[{"taxonomy":"category","embeddable":true,"href":"https:\/\/letempsmag.ma\/index.php?rest_route=%2Fwp%2Fv2%2Fcategories&post=17214"},{"taxonomy":"post_tag","embeddable":true,"href":"https:\/\/letempsmag.ma\/index.php?rest_route=%2Fwp%2Fv2%2Ftags&post=17214"}],"curies":[{"name":"wp","href":"https:\/\/api.w.org\/{rel}","templated":true}]}}