{"id":17173,"date":"2022-09-05T11:52:09","date_gmt":"2022-09-05T10:52:09","guid":{"rendered":"https:\/\/letempsmag.ma\/?p=17173"},"modified":"2022-09-05T11:52:11","modified_gmt":"2022-09-05T10:52:11","slug":"un-nouveau-soutien-pour-les-operateurs-routiers","status":"publish","type":"post","link":"https:\/\/letempsmag.ma\/?p=17173","title":{"rendered":"Un nouveau soutien pour les op\u00e9rateurs routiers"},"content":{"rendered":"\n<p>Le gouvernement poursuivra durant ce mois de septembre l\u2019octroi de soutiens suppl\u00e9mentaires pour les professionnels du transport routier, a annonc\u00e9 jeudi dernier le chef de l\u2019Ex\u00e9cutif, Aziz Akhannouch, lors de l\u2019ouverture de la r\u00e9union hebdomadaire du Conseil de gouvernement. Le haut responsable a soulign\u00e9 que cette mesure vise \u00e0 faire face aux r\u00e9percussions de la guerre russo-ukrainienne sur les prix du carburant aux niveaux international et national. Aziz Akhannouch a rappel\u00e9, par ailleurs, que le gouvernement a entam\u00e9 en mars dernier l\u2019octroi de soutiens aux professionnels du transport routier, dans le but de pr\u00e9server le pouvoir d\u2019achat des citoyens, compte tenu de la conjoncture actuelle, marqu\u00e9e par la hausse des prix des carburants. (Photo&nbsp;: LesEco.ma).<\/p>\n\n\n\n<p><strong>E. D.<\/strong><\/p>\n","protected":false},"excerpt":{"rendered":"<p>Le gouvernement poursuivra durant ce mois de septembre l\u2019octroi de soutiens suppl\u00e9mentaires pour les professionnels du transport routier, a annonc\u00e9 jeudi dernier le chef de l\u2019Ex\u00e9cutif, Aziz Akhannouch, lors de l\u2019ouverture de la r\u00e9union hebdomadaire du Conseil de gouvernement. Le haut responsable a soulign\u00e9 que cette mesure vise \u00e0 faire face aux r\u00e9percussions de la &hellip;<\/p>\n","protected":false},"author":9,"featured_media":17174,"comment_status":"open","ping_status":"closed","sticky":false,"template":"","format":"standard","meta":{"footnotes":""},"categories":[263],"tags":[],"class_list":["post-17173","post","type-post","status-publish","format-standard","has-post-thumbnail","hentry","category-transport"],"_links":{"self":[{"href":"https:\/\/letempsmag.ma\/index.php?rest_route=\/wp\/v2\/posts\/17173","targetHints":{"allow":["GET"]}}],"collection":[{"href":"https:\/\/letempsmag.ma\/index.php?rest_route=\/wp\/v2\/posts"}],"about":[{"href":"https:\/\/letempsmag.ma\/index.php?rest_route=\/wp\/v2\/types\/post"}],"author":[{"embeddable":true,"href":"https:\/\/letempsmag.ma\/index.php?rest_route=\/wp\/v2\/users\/9"}],"replies":[{"embeddable":true,"href":"https:\/\/letempsmag.ma\/index.php?rest_route=%2Fwp%2Fv2%2Fcomments&post=17173"}],"version-history":[{"count":1,"href":"https:\/\/letempsmag.ma\/index.php?rest_route=\/wp\/v2\/posts\/17173\/revisions"}],"predecessor-version":[{"id":17175,"href":"https:\/\/letempsmag.ma\/index.php?rest_route=\/wp\/v2\/posts\/17173\/revisions\/17175"}],"wp:featuredmedia":[{"embeddable":true,"href":"https:\/\/letempsmag.ma\/index.php?rest_route=\/wp\/v2\/media\/17174"}],"wp:attachment":[{"href":"https:\/\/letempsmag.ma\/index.php?rest_route=%2Fwp%2Fv2%2Fmedia&parent=17173"}],"wp:term":[{"taxonomy":"category","embeddable":true,"href":"https:\/\/letempsmag.ma\/index.php?rest_route=%2Fwp%2Fv2%2Fcategories&post=17173"},{"taxonomy":"post_tag","embeddable":true,"href":"https:\/\/letempsmag.ma\/index.php?rest_route=%2Fwp%2Fv2%2Ftags&post=17173"}],"curies":[{"name":"wp","href":"https:\/\/api.w.org\/{rel}","templated":true}]}}