{"id":1716,"date":"2021-03-29T07:59:27","date_gmt":"2021-03-29T07:59:27","guid":{"rendered":"https:\/\/letempsmag.ma\/?p=1716"},"modified":"2021-03-29T07:59:28","modified_gmt":"2021-03-29T07:59:28","slug":"une-jeune-malienne-enceinte-de-septuples-attend-son-evacuation-vers-le-maroc","status":"publish","type":"post","link":"https:\/\/letempsmag.ma\/?p=1716","title":{"rendered":"Une jeune Malienne enceinte de septupl\u00e9s attend son \u00e9vacuation vers le Maroc"},"content":{"rendered":"\n<p>Une Malienne de 25 ans, ressortissante de la ville de Tombouctou, enceinte actuellement de septupl\u00e9s, devait quitter Bamako samedi dernier 27 mars pour une \u00e9vacuation sanitaire au Maroc. Mais au dernier moment, elle n\u2019a pas pu embarquer \u00e0 cause d\u2019un probl\u00e8me technique survenu chez la compagnie a\u00e9rienne qui devait assurer le transport. En attendant l\u2019organisation de son prochain d\u00e9part, elle reste au centre hospitalier de la capitale malienne.<\/p>\n\n\n\n<p>La jeune femme serait \u00e0 son sixi\u00e8me mois de grossesse et ses m\u00e9decins pr\u00e9f\u00e8rent qu&#8217;elle soit suivie \u00e0 l&#8217;\u00e9tranger; ils s\u2019inqui\u00e8tent sur les chances de survie des f\u0153tus et \u00e9galement pour la sant\u00e9 de la maman.<\/p>\n\n\n\n<p>C\u2019est le minist\u00e8re de la sant\u00e9 du Mali qui a donn\u00e9 l\u2019information dans un communiqu\u00e9 dat\u00e9 du 23 mars dernier&nbsp;: \u00abil y a deux semaines, la ministre de la Sant\u00e9 et du D\u00e9veloppement social a \u00e9t\u00e9 inform\u00e9e par la Direction G\u00e9n\u00e9rale du CHU du Point G de l\u2019admission au service gyn\u00e9co-obst\u00e9trique dudit h\u00f4pital d\u2019une dame \u00e2g\u00e9e de 25 ans pour grossesse multiple de sept f\u0153tus d\u2019environ vingt-quatre semaines\u00bb. Le minist\u00e8re malien affirme avoir pris contact avec une clinique sp\u00e9cialis\u00e9e au Maroc. Selon le minist\u00e8re, le voyage est financ\u00e9 par le gouvernement malien avec une contribution personnelle du Pr\u00e9sident de transition, Bah Ndaw.<\/p>\n\n\n\n<p><strong>L. F.<\/strong><\/p>\n","protected":false},"excerpt":{"rendered":"<p>Une Malienne de 25 ans, ressortissante de la ville de Tombouctou, enceinte actuellement de septupl\u00e9s, devait quitter Bamako samedi dernier 27 mars pour une \u00e9vacuation sanitaire au Maroc. Mais au dernier moment, elle n\u2019a pas pu embarquer \u00e0 cause d\u2019un probl\u00e8me technique survenu chez la compagnie a\u00e9rienne qui devait assurer le transport. En attendant l\u2019organisation &hellip;<\/p>\n","protected":false},"author":9,"featured_media":1717,"comment_status":"open","ping_status":"closed","sticky":false,"template":"","format":"standard","meta":{"footnotes":""},"categories":[26],"tags":[],"class_list":["post-1716","post","type-post","status-publish","format-standard","has-post-thumbnail","hentry","category-sante"],"_links":{"self":[{"href":"https:\/\/letempsmag.ma\/index.php?rest_route=\/wp\/v2\/posts\/1716","targetHints":{"allow":["GET"]}}],"collection":[{"href":"https:\/\/letempsmag.ma\/index.php?rest_route=\/wp\/v2\/posts"}],"about":[{"href":"https:\/\/letempsmag.ma\/index.php?rest_route=\/wp\/v2\/types\/post"}],"author":[{"embeddable":true,"href":"https:\/\/letempsmag.ma\/index.php?rest_route=\/wp\/v2\/users\/9"}],"replies":[{"embeddable":true,"href":"https:\/\/letempsmag.ma\/index.php?rest_route=%2Fwp%2Fv2%2Fcomments&post=1716"}],"version-history":[{"count":1,"href":"https:\/\/letempsmag.ma\/index.php?rest_route=\/wp\/v2\/posts\/1716\/revisions"}],"predecessor-version":[{"id":1718,"href":"https:\/\/letempsmag.ma\/index.php?rest_route=\/wp\/v2\/posts\/1716\/revisions\/1718"}],"wp:featuredmedia":[{"embeddable":true,"href":"https:\/\/letempsmag.ma\/index.php?rest_route=\/wp\/v2\/media\/1717"}],"wp:attachment":[{"href":"https:\/\/letempsmag.ma\/index.php?rest_route=%2Fwp%2Fv2%2Fmedia&parent=1716"}],"wp:term":[{"taxonomy":"category","embeddable":true,"href":"https:\/\/letempsmag.ma\/index.php?rest_route=%2Fwp%2Fv2%2Fcategories&post=1716"},{"taxonomy":"post_tag","embeddable":true,"href":"https:\/\/letempsmag.ma\/index.php?rest_route=%2Fwp%2Fv2%2Ftags&post=1716"}],"curies":[{"name":"wp","href":"https:\/\/api.w.org\/{rel}","templated":true}]}}