{"id":16946,"date":"2022-08-19T11:30:25","date_gmt":"2022-08-19T10:30:25","guid":{"rendered":"https:\/\/letempsmag.ma\/?p=16946"},"modified":"2022-08-19T11:30:27","modified_gmt":"2022-08-19T10:30:27","slug":"79-nouveaux-cas-au-maroc-en-24-heures-et-1-263-779-cas-cumules","status":"publish","type":"post","link":"https:\/\/letempsmag.ma\/?p=16946","title":{"rendered":"79 nouveaux cas au Maroc en 24 heures et 1.263.779 cas cumul\u00e9s"},"content":{"rendered":"\n<p>Un total de 79 nouveaux cas d&#8217;infection au \u00abCovid-19\u00bb et 97 gu\u00e9risons a \u00e9t\u00e9 enregistr\u00e9 au Maroc dans les derni\u00e8res 24 heures, a indiqu\u00e9 jeudi le minist\u00e8re de la Sant\u00e9 et de la Protection sociale.<\/p>\n\n\n\n<p>Dans son bulletin quotidien sur la situation \u00e9pid\u00e9miologique, le minist\u00e8re a en outre pr\u00e9cis\u00e9 que le nombre de primo-vaccin\u00e9s a atteint 24.887.005 celui des personnes ayant re\u00e7u deux doses s&#8217;\u00e9l\u00e8ve \u00e0 23.378.723 alors que 6.731.469 personnes ont eu trois injections du vaccin. Le nombre des personnes qui ont re\u00e7u la quatri\u00e8me dose est de 35.386.<\/p>\n\n\n\n<p>Le nouveau bilan d&#8217;infections porte \u00e0 1.263.779 le nombre total des contaminations depuis le premier cas signal\u00e9 au Maroc le 2 mars 2020, tandis que le nombre des personnes r\u00e9tablies est pass\u00e9 \u00e0 1.246.695, soit un taux de gu\u00e9rison de 98,6%.<\/p>\n\n\n\n<p>Les nouveaux cas d&#8217;infection ont \u00e9t\u00e9 recens\u00e9s dans les r\u00e9gions de Casablanca-Settat (22), Souss-Massa (13), Rabat-Sal\u00e9-K\u00e9nitra (10), l&#8217;Oriental (10), F\u00e8s-Mekn\u00e8s (5), Tanger-T\u00e9touan-Al Hoceima (5), Marrakech-Safi (5), B\u00e9ni Mellal-Kh\u00e9nifra (3), Dakhla-Oued Eddahab (2), La\u00e2youne-Sakia El Hamra (2), Dra\u00e2-Tafilalet (1) et Guelmim-Oued Noun (01).<\/p>\n\n\n\n<p>Le nombre total des d\u00e9c\u00e8s est toujours de 16.269 (l\u00e9talit\u00e9 1,3%), avec z\u00e9ro nouveau cas enregistr\u00e9 les derni\u00e8res 24 heures.<\/p>\n\n\n\n<p>Les cas actifs sont au nombre de 815 alors qu&#8217;un seul cas s\u00e9v\u00e8re ou critique a \u00e9t\u00e9 signal\u00e9 lors des derni\u00e8res 24 heures, portant le total \u00e0 25. Quant au taux d&#8217;occupation des lits de r\u00e9animation, il se situe \u00e0 0,5 %.<\/p>\n","protected":false},"excerpt":{"rendered":"<p>Un total de 79 nouveaux cas d&#8217;infection au \u00abCovid-19\u00bb et 97 gu\u00e9risons a \u00e9t\u00e9 enregistr\u00e9 au Maroc dans les derni\u00e8res 24 heures, a indiqu\u00e9 jeudi le minist\u00e8re de la Sant\u00e9 et de la Protection sociale. Dans son bulletin quotidien sur la situation \u00e9pid\u00e9miologique, le minist\u00e8re a en outre pr\u00e9cis\u00e9 que le nombre de primo-vaccin\u00e9s a &hellip;<\/p>\n","protected":false},"author":2,"featured_media":16947,"comment_status":"open","ping_status":"closed","sticky":false,"template":"","format":"standard","meta":{"footnotes":""},"categories":[168],"tags":[],"class_list":["post-16946","post","type-post","status-publish","format-standard","has-post-thumbnail","hentry","category-pandemie-2"],"_links":{"self":[{"href":"https:\/\/letempsmag.ma\/index.php?rest_route=\/wp\/v2\/posts\/16946","targetHints":{"allow":["GET"]}}],"collection":[{"href":"https:\/\/letempsmag.ma\/index.php?rest_route=\/wp\/v2\/posts"}],"about":[{"href":"https:\/\/letempsmag.ma\/index.php?rest_route=\/wp\/v2\/types\/post"}],"author":[{"embeddable":true,"href":"https:\/\/letempsmag.ma\/index.php?rest_route=\/wp\/v2\/users\/2"}],"replies":[{"embeddable":true,"href":"https:\/\/letempsmag.ma\/index.php?rest_route=%2Fwp%2Fv2%2Fcomments&post=16946"}],"version-history":[{"count":1,"href":"https:\/\/letempsmag.ma\/index.php?rest_route=\/wp\/v2\/posts\/16946\/revisions"}],"predecessor-version":[{"id":16948,"href":"https:\/\/letempsmag.ma\/index.php?rest_route=\/wp\/v2\/posts\/16946\/revisions\/16948"}],"wp:featuredmedia":[{"embeddable":true,"href":"https:\/\/letempsmag.ma\/index.php?rest_route=\/wp\/v2\/media\/16947"}],"wp:attachment":[{"href":"https:\/\/letempsmag.ma\/index.php?rest_route=%2Fwp%2Fv2%2Fmedia&parent=16946"}],"wp:term":[{"taxonomy":"category","embeddable":true,"href":"https:\/\/letempsmag.ma\/index.php?rest_route=%2Fwp%2Fv2%2Fcategories&post=16946"},{"taxonomy":"post_tag","embeddable":true,"href":"https:\/\/letempsmag.ma\/index.php?rest_route=%2Fwp%2Fv2%2Ftags&post=16946"}],"curies":[{"name":"wp","href":"https:\/\/api.w.org\/{rel}","templated":true}]}}