{"id":16943,"date":"2022-08-19T11:29:39","date_gmt":"2022-08-19T10:29:39","guid":{"rendered":"https:\/\/letempsmag.ma\/?p=16943"},"modified":"2022-08-19T11:29:40","modified_gmt":"2022-08-19T10:29:40","slug":"le-perou-retire-sa-reconnaissance-de-la-rasd-et-appuie-le-plan-marocain-dautonomie","status":"publish","type":"post","link":"https:\/\/letempsmag.ma\/?p=16943","title":{"rendered":"Le P\u00e9rou retire sa reconnaissance de la \u00abRasd\u00bb et appuie le plan marocain d&#8217;autonomie"},"content":{"rendered":"\n<p>La R\u00e9publique du P\u00e9rou a d\u00e9cid\u00e9, hier jeudi, de \u00abretirer la reconnaissance de la \u00abRasd\u00bb et de rompre toute relation avec cette entit\u00e9\u00bb, tout en appuyant le plan d&#8217;autonomie pour le Sahara marocain. Dans un communiqu\u00e9 rendu public par son minist\u00e8re des Relations ext\u00e9rieures, le P\u00e9rou exprime ainsi son \u00abrespect \u00e0 l\u2019int\u00e9grit\u00e9 territoriale du Royaume du Maroc, \u00e0 sa souverainet\u00e9 nationale, ainsi qu\u2019au plan d\u2019autonomie relatif \u00e0 ce diff\u00e9rend r\u00e9gional autour du Sahara marocain.<\/p>\n\n\n\n<p>Le communiqu\u00e9 souligne que cette d\u00e9cision a \u00e9t\u00e9 prise suite \u00e0 un entretien t\u00e9l\u00e9phonique entre le Ministre des Relations ext\u00e9rieures du P\u00e9rou, Miguel Angel Rodriguez Mackay, et Nasser Bourita, Ministre des Affaires \u00e9trang\u00e8res, de la Coop\u00e9ration africaine et des Marocains r\u00e9sidant \u00e0 l\u2019\u00e9tranger.<\/p>\n\n\n\n<p>Le communiqu\u00e9 souligne que cette d\u00e9cision est prise conform\u00e9ment \u00e0 la l\u00e9galit\u00e9 internationale, inscrite dans la charte de l\u2019Organisation des Nations Unies et dans le plein respect des principes de l\u2019int\u00e9grit\u00e9 territoriale des Etats membres des Nations Unies. Elle intervient \u00e9galement \u00aben appui aux efforts d\u00e9ploy\u00e9s par le Secr\u00e9taire G\u00e9n\u00e9ral de l\u2019ONU et le Conseil de S\u00e9curit\u00e9 pour parvenir \u00e0 une solution politique, r\u00e9aliste, durable et consensuelle au diff\u00e9rend autour du Sahara\u00bb.<\/p>\n\n\n\n<p>Le communiqu\u00e9 indique aussi que \u00abtenant compte du fait qu\u2019il n\u2019existe \u00e0 ce jour aucune relation bilat\u00e9rale effective, le gouvernement de la R\u00e9publique du P\u00e9rou d\u00e9cide de retirer sa reconnaissance\u00bb de la \u00abRasd\u00bb et de \u00abrompre toute relation avec cette entit\u00e9\u00bb, ajoutant que \u00abcette d\u00e9cision sera notifi\u00e9e \u00e0 l\u2019Organisation des Nations-Unies\u00bb. La m\u00eame source souligne que \u00abconform\u00e9ment au droit international et aux r\u00e9solutions de l\u2019ONU sur l\u2019affaire du Sahara, le gouvernement de la R\u00e9publique du P\u00e9rou appr\u00e9cie et exprime son respect de l\u2019int\u00e9grit\u00e9 territoriale du Royaume du Maroc et de sa souverainet\u00e9 nationale, ainsi que le plan d\u2019autonomie relatif \u00e0 ce diff\u00e9rend r\u00e9gional\u00bb. Et le communiqu\u00e9 de conclure que \u00abLes deux gouvernements ont convenu de renforcer leurs relations bilat\u00e9rales \u00e0 travers la signature imm\u00e9diate d\u2019une feuille de route multi-sectorielle qui englobe les consultations politiques p\u00e9riodiques, la coop\u00e9ration effective dans les domaines \u00e9conomique, commercial, \u00e9ducatif, \u00e9nerg\u00e9tique, agricole et des fertilisants\u00bb.<\/p>\n\n\n\n<p>Source&nbsp;: MAP<\/p>\n","protected":false},"excerpt":{"rendered":"<p>La R\u00e9publique du P\u00e9rou a d\u00e9cid\u00e9, hier jeudi, de \u00abretirer la reconnaissance de la \u00abRasd\u00bb et de rompre toute relation avec cette entit\u00e9\u00bb, tout en appuyant le plan d&#8217;autonomie pour le Sahara marocain. Dans un communiqu\u00e9 rendu public par son minist\u00e8re des Relations ext\u00e9rieures, le P\u00e9rou exprime ainsi son \u00abrespect \u00e0 l\u2019int\u00e9grit\u00e9 territoriale du Royaume &hellip;<\/p>\n","protected":false},"author":2,"featured_media":16944,"comment_status":"open","ping_status":"closed","sticky":false,"template":"","format":"standard","meta":{"footnotes":""},"categories":[218],"tags":[],"class_list":["post-16943","post","type-post","status-publish","format-standard","has-post-thumbnail","hentry","category-sahara"],"_links":{"self":[{"href":"https:\/\/letempsmag.ma\/index.php?rest_route=\/wp\/v2\/posts\/16943","targetHints":{"allow":["GET"]}}],"collection":[{"href":"https:\/\/letempsmag.ma\/index.php?rest_route=\/wp\/v2\/posts"}],"about":[{"href":"https:\/\/letempsmag.ma\/index.php?rest_route=\/wp\/v2\/types\/post"}],"author":[{"embeddable":true,"href":"https:\/\/letempsmag.ma\/index.php?rest_route=\/wp\/v2\/users\/2"}],"replies":[{"embeddable":true,"href":"https:\/\/letempsmag.ma\/index.php?rest_route=%2Fwp%2Fv2%2Fcomments&post=16943"}],"version-history":[{"count":1,"href":"https:\/\/letempsmag.ma\/index.php?rest_route=\/wp\/v2\/posts\/16943\/revisions"}],"predecessor-version":[{"id":16945,"href":"https:\/\/letempsmag.ma\/index.php?rest_route=\/wp\/v2\/posts\/16943\/revisions\/16945"}],"wp:featuredmedia":[{"embeddable":true,"href":"https:\/\/letempsmag.ma\/index.php?rest_route=\/wp\/v2\/media\/16944"}],"wp:attachment":[{"href":"https:\/\/letempsmag.ma\/index.php?rest_route=%2Fwp%2Fv2%2Fmedia&parent=16943"}],"wp:term":[{"taxonomy":"category","embeddable":true,"href":"https:\/\/letempsmag.ma\/index.php?rest_route=%2Fwp%2Fv2%2Fcategories&post=16943"},{"taxonomy":"post_tag","embeddable":true,"href":"https:\/\/letempsmag.ma\/index.php?rest_route=%2Fwp%2Fv2%2Ftags&post=16943"}],"curies":[{"name":"wp","href":"https:\/\/api.w.org\/{rel}","templated":true}]}}