{"id":16781,"date":"2022-08-08T09:48:25","date_gmt":"2022-08-08T08:48:25","guid":{"rendered":"https:\/\/letempsmag.ma\/?p=16781"},"modified":"2022-08-08T09:48:26","modified_gmt":"2022-08-08T08:48:26","slug":"65-jeunes-marocains-participent-a-new-york-a-linitiative-future-we-want","status":"publish","type":"post","link":"https:\/\/letempsmag.ma\/?p=16781","title":{"rendered":"65 jeunes Marocains participent \u00e0 New York \u00e0 l&#8217;initiative \u00abFuture We Want\u00bb"},"content":{"rendered":"\n<p>Une d\u00e9l\u00e9gation de 65 jeunes Marocains a particip\u00e9, la semaine derni\u00e8re, en tant qu\u2019ambassadeurs \u00e0 des sessions de travail au si\u00e8ge de l\u2019ONU \u00e0 New York, dans le cadre de l\u2019initiative \u00abFuture We Want&nbsp;: A Global Initiative For Young Leaders\u00bb. L\u2019initiative est la plus grande plateforme au monde pour l&#8217;autonomisation des jeunes dans les affaires diplomatiques et internationales, l&#8217;engagement civique et la citoyennet\u00e9 mondiale.<\/p>\n\n\n\n<p>Pr\u00e9sid\u00e9e par le Secr\u00e9taire G\u00e9n\u00e9ral de l\u2019Association des Nations Unies du Maroc, Abderrahmane Chabib, la d\u00e9l\u00e9gation a eu l\u2019honneur de repr\u00e9senter le Maroc dans cette initiative des Nations Unies qui rassemble des jeunes de plus de 80 pays.<\/p>\n\n\n\n<p>Lors des r\u00e9unions, les jeunes Marocains ont pu d\u00e9battre de questions urgentes dans l\u2019agenda de l\u2019ONU&nbsp;: p\u00e9nurie de l\u2019eau, transition \u00e9nerg\u00e9tique, Droits de l\u2019homme, multilat\u00e9ralisme, relance post-Covid&#8230;<\/p>\n\n\n\n<p>Cette initiative est un projet-phare organis\u00e9 par l\u2019Acad\u00e9mie diplomatique italienne en collaboration avec plusieurs institutions nationales et les ambassades d\u2019autres pays. Elle offre chaque ann\u00e9e depuis 2018 l\u2019opportunit\u00e9 de participation aux jeunes qui aspirent \u00e0 devenir des diplomates ou \u00e0 se perfectionner dans le domaine des relations internationales et de la diplomatie.<\/p>\n","protected":false},"excerpt":{"rendered":"<p>Une d\u00e9l\u00e9gation de 65 jeunes Marocains a particip\u00e9, la semaine derni\u00e8re, en tant qu\u2019ambassadeurs \u00e0 des sessions de travail au si\u00e8ge de l\u2019ONU \u00e0 New York, dans le cadre de l\u2019initiative \u00abFuture We Want&nbsp;: A Global Initiative For Young Leaders\u00bb. L\u2019initiative est la plus grande plateforme au monde pour l&#8217;autonomisation des jeunes dans les affaires &hellip;<\/p>\n","protected":false},"author":2,"featured_media":16782,"comment_status":"open","ping_status":"closed","sticky":false,"template":"","format":"standard","meta":{"footnotes":""},"categories":[118],"tags":[],"class_list":["post-16781","post","type-post","status-publish","format-standard","has-post-thumbnail","hentry","category-diplomatie"],"_links":{"self":[{"href":"https:\/\/letempsmag.ma\/index.php?rest_route=\/wp\/v2\/posts\/16781","targetHints":{"allow":["GET"]}}],"collection":[{"href":"https:\/\/letempsmag.ma\/index.php?rest_route=\/wp\/v2\/posts"}],"about":[{"href":"https:\/\/letempsmag.ma\/index.php?rest_route=\/wp\/v2\/types\/post"}],"author":[{"embeddable":true,"href":"https:\/\/letempsmag.ma\/index.php?rest_route=\/wp\/v2\/users\/2"}],"replies":[{"embeddable":true,"href":"https:\/\/letempsmag.ma\/index.php?rest_route=%2Fwp%2Fv2%2Fcomments&post=16781"}],"version-history":[{"count":1,"href":"https:\/\/letempsmag.ma\/index.php?rest_route=\/wp\/v2\/posts\/16781\/revisions"}],"predecessor-version":[{"id":16783,"href":"https:\/\/letempsmag.ma\/index.php?rest_route=\/wp\/v2\/posts\/16781\/revisions\/16783"}],"wp:featuredmedia":[{"embeddable":true,"href":"https:\/\/letempsmag.ma\/index.php?rest_route=\/wp\/v2\/media\/16782"}],"wp:attachment":[{"href":"https:\/\/letempsmag.ma\/index.php?rest_route=%2Fwp%2Fv2%2Fmedia&parent=16781"}],"wp:term":[{"taxonomy":"category","embeddable":true,"href":"https:\/\/letempsmag.ma\/index.php?rest_route=%2Fwp%2Fv2%2Fcategories&post=16781"},{"taxonomy":"post_tag","embeddable":true,"href":"https:\/\/letempsmag.ma\/index.php?rest_route=%2Fwp%2Fv2%2Ftags&post=16781"}],"curies":[{"name":"wp","href":"https:\/\/api.w.org\/{rel}","templated":true}]}}