{"id":1666,"date":"2021-03-26T08:23:30","date_gmt":"2021-03-26T08:23:30","guid":{"rendered":"https:\/\/letempsmag.ma\/?p=1666"},"modified":"2021-03-26T08:23:33","modified_gmt":"2021-03-26T08:23:33","slug":"tariq-sijilmassi-nous-encourageons-le-developpement-de-la-classe-moyenne-rurale-conformement-aux-orientations-du-souverain","status":"publish","type":"post","link":"https:\/\/letempsmag.ma\/?p=1666","title":{"rendered":"Tariq Sijilmassi : \u00abnous encourageons le d\u00e9veloppement de la classe moyenne rurale, conform\u00e9ment aux orientations du Souverain\u00bb"},"content":{"rendered":"\n<p><strong><em>Tariq Sijilmassi, Pr\u00e9sident du directoire du Cr\u00e9dit Agricole du Maroc, a accord\u00e9 r\u00e9cemment une importante interview \u00e0 la MAP, dans laquelle il s\u2019exprime notamment sur les derni\u00e8res rencontres tenues avec les interprofessions agricoles et les perspectives de la campagne agricole actuelle. Le patron de la banque verte r\u00e9pond aussi aux questions li\u00e9es au r\u00f4le de l\u2019institution financi\u00e8re, qui est leader historique du financement du monde rural. La mise en \u0153uvre de la strat\u00e9gie \u00abG\u00e9n\u00e9ration Green 2020-2030\u00bb et le d\u00e9veloppement de l\u2019agriculture marocaine en g\u00e9n\u00e9ral sont la trame de cette interview que nous reprenons ici avec nos vifs remerciements \u00e0 la MAP.<\/em><\/strong><\/p>\n\n\n\n<p><strong>Propos recueillis par HASNAA ELAKKANI<\/strong><\/p>\n\n\n\n<p><strong><em>MAP&nbsp;: vous avez men\u00e9, ces derniers mois, un cycle de rencontres avec les interprofessions agricoles. Quel est l\u2019objectif de ces rencontres et quel bilan avez-vous fait jusqu\u2019\u00e0 pr\u00e9sent de la situation des diff\u00e9rentes fili\u00e8res agricoles&nbsp;?<\/em><\/strong><\/p>\n\n\n\n<p><strong>TARIQ SIJILMASSI&nbsp;: <\/strong>nous avons effectivement tenu, depuis le mois de novembre 20202, des rencontres d\u2019\u00e9change qui s\u2019inscrivent dans un processus global et volontariste initi\u00e9 par le Cr\u00e9dit Agricole du Maroc en collaboration avec la Conf\u00e9d\u00e9ration Marocaine de l\u2019Agriculture et du D\u00e9veloppement Rural et le minist\u00e8re de l\u2019Agriculture (COMADER), de la P\u00eache maritime, du D\u00e9veloppement rural et des Eaux et For\u00eats, afin de soutenir chacune des interprofessions agricoles que compte notre pays et les accompagner pour atteindre leurs objectifs strat\u00e9giques tels que d\u00e9finis dans le cadre de \u00abG\u00e9n\u00e9ration Green 2020-2030\u00bb. Il s\u2019agit en fait d\u2019une tradition du Cr\u00e9dit Agricole du Maroc, d\u2019une mani\u00e8re g\u00e9n\u00e9rale, et de son Pr\u00e9sident en particulier, d\u2019aller \u00e0 la rencontre des interprofessions depuis un certain nombre d\u2019ann\u00e9es. En 2020, \u00e0 cause de la pand\u00e9mie, cette tradition n\u2019avait pas \u00e9t\u00e9 respect\u00e9e, et donc \u00e7a nous a cr\u00e9\u00e9 un manque, d\u2019autant plus que le plan \u00abG\u00e9n\u00e9ration Green\u00bb d\u00e9voil\u00e9 devant S.M. le Roi \u00e0 l\u2019\u00e9t\u00e9 2019 avait cr\u00e9\u00e9 des attentes. Nous avons donc ressenti le besoin de revenir dans cette tradition. Nous avons ainsi men\u00e9 un cycle de rencontres avec les 17 interprofessions du secteur, auxquelles avaient pris part les Pr\u00e9sidents et les membres des f\u00e9d\u00e9rations, mais aussi les principaux op\u00e9rateurs de chaque secteur, et donc nous avons eu une vision globale et assez exhaustive des probl\u00e9matiques de chaque interprofession. Nous avons, en plus, tenu des r\u00e9unions sp\u00e9cifiques pour discuter avec la COMADER des probl\u00e9matiques transversales \u00e0 toutes les interprofessions et qui sont l\u2019employabilit\u00e9 des jeunes, l\u2019\u00e9closion d\u2019une classe moyenne en milieu rural, les probl\u00e8mes d\u2019acc\u00e8s au financement global, l\u2019eau, etc. Ces r\u00e9unions, qui ont \u00e9t\u00e9 riches et enrichissantes en tous points, nous ont permis d\u2019\u00e9valuer la situation actuelle de chacune des fili\u00e8res, leurs sp\u00e9cificit\u00e9s, leurs atouts et contraintes ainsi que les leviers \u00e0 actionner pour leur d\u00e9veloppement. Il nous a \u00e9t\u00e9 donn\u00e9 de constater, avec satisfaction, que l\u2019ensemble des fili\u00e8res ont connu des \u00e9volutions notoires suite au \u00abPlan Maroc Vert\u00bb et qu\u2019elles se sont fix\u00e9 des objectifs ambitieux dans le cadre de la nouvelle strat\u00e9gie \u00abG\u00e9n\u00e9ration Green 2020-2030\u00bb.En tant que banque partenaire des op\u00e9rateurs agricoles par excellence, nous sommes plus que jamais r\u00e9solus \u00e0 accompagner cette nouvelle dynamique porteuse insuffl\u00e9e par \u00abG\u00e9n\u00e9ration Green\u00bb et r\u00e9pondre aux attentes de nos agriculteurs afin de contribuer \u00e0 renforcer le r\u00f4le primordial que joue le secteur agricole dans l\u2019\u00e9conomie de notre pays. Ce cycle de rencontres a \u00e9t\u00e9 sanctionn\u00e9 par la signature de protocoles d\u2019accompagnement, lesquels visent \u00e0 faire du \u00absur-mesure\u00bb pour r\u00e9soudre les probl\u00e8mes de chaque interprofession, une par une. Ces protocoles ont \u00e9t\u00e9 finalis\u00e9s et officiellement pr\u00e9sent\u00e9s lors du Symposium tenu le 23 mars courant \u00e0 Rabat, en pr\u00e9sence du Ministre de l\u2019Agriculture.<\/p>\n\n\n\n<p><strong><em>MAP&nbsp;: Comment le Cr\u00e9dit Agricole envisage-t-il de r\u00e9pondre aux attentes et besoins de financement de ces interprofessions&nbsp;?<\/em><\/strong><\/p>\n\n\n\n<p><strong>TARIQ SIJILMASSI&nbsp;:<\/strong> le soutien permanent de notre Institution \u00e0 l\u2019ensemble des fili\u00e8res agricoles au niveau de toutes les r\u00e9gions du Royaume n\u2019est plus \u00e0 d\u00e9montrer et sera renforc\u00e9 au vu des d\u00e9fis prometteurs que le secteur est amen\u00e9 \u00e0 relever dans les ann\u00e9es \u00e0 venir. Le processus que nous avons initi\u00e9 depuis novembre 2020 nous a permis d\u2019affiner nos perceptions par rapport \u00e0 chaque fili\u00e8re et de construire une approche plus adapt\u00e9e pour mieux accompagner les op\u00e9rateurs des fili\u00e8res au cas par cas. Ceci passera par un appui sp\u00e9cifique \u00e0 tous les op\u00e9rateurs des cha\u00eenes de valeur \u00e0 travers des financements inclusifs et adapt\u00e9s permettant d\u2019am\u00e9liorer leur rentabilit\u00e9 et leur comp\u00e9titivit\u00e9, d\u2019acc\u00e9l\u00e9rer la r\u00e9alisation de leurs investissements de modernisation et d\u2019assurer, in fine, la p\u00e9rennit\u00e9 des fili\u00e8res. Nous \u0153uvrons \u00e9galement \u00e0 favoriser la digitalisation du secteur car elle repr\u00e9sente d\u00e9sormais un levier de taille pour la fluidification des \u00e9changes et le d\u00e9veloppement des fili\u00e8res agricoles. \u00c0 cet \u00e9gard, les efforts du Cr\u00e9dit Agricole du Maroc pour la digitalisation de l\u2019\u00e9cosyst\u00e8me agricole marocain et les cha\u00eenes de valeur y aff\u00e9rentes ont \u00e9t\u00e9 fortement salu\u00e9s par l\u2019ensemble des interprofessions. Afin de d\u00e9cliner tout cela, nous avons d\u00e9fini et mis en \u0153uvre un cadre institutionnel impliquant l\u2019ensemble des parties prenantes (minist\u00e8re, Interprofessions, Cr\u00e9dit Agricole et COMADER) nous permettant de d\u00e9ployer des mesures de soutien sp\u00e9cifiques et un dispositif d\u2019accompagnement des op\u00e9rateurs au cas par cas. Nous apporterons \u00e9galement des r\u00e9ponses sp\u00e9cifiques \u00e0 des probl\u00e9matiques transverses dans l\u2019ensemble des fili\u00e8res, notamment les sujets relatifs \u00e0 l\u2019entrepreneuriat des jeunes en milieu rural. Ce sujet rev\u00eat une importance capitale, tant pour nous que pour les acteurs des fili\u00e8res. Il est n\u00e9cessaire aujourd\u2019hui de conjuguer nos efforts pour appr\u00e9hender la question de l\u2019employabilit\u00e9 des jeunes dans le monde rural en leur garantissant deux \u00e9l\u00e9ments&nbsp;:<\/p>\n\n\n\n<p>&#8211; Encadrement, mentoring et orientation vers des projets porteurs, et c\u2019est l\u00e0 le r\u00f4le que doivent jouer les interprofessions agricoles&nbsp;<\/p>\n\n\n\n<p>&#8211; Facilitation de l\u2019acc\u00e8s au financement, ce que nous proposons gr\u00e2ce \u00e0 notre savoir-faire et notre compr\u00e9hension des enjeux ruraux et des besoins de cette population via nos offres produits d\u00e9di\u00e9es et nos solutions digitales innovantes.<\/p>\n\n\n\n<p>Gr\u00e2ce \u00e0 tout cela, nous serons \u00e0 m\u00eame d\u2019encourager le d\u00e9veloppement de la classe moyenne rurale, conform\u00e9ment aux orientations du Souverain S.M. le Roi Mohammed VI que Dieu l\u2019assiste, et ce, \u00e0 travers la promotion de l\u2019activit\u00e9 agricole, la cr\u00e9ation de nouvelles activit\u00e9s g\u00e9n\u00e9ratrices d\u2019emploi et de revenus pour les jeunes, &nbsp;etc. Je suis un fervent croyant dans le faut que l\u2019agriculture marocaine est un levier de d\u00e9veloppement formidable pour le pays et un stabilisateur social, \u00e9conomique et soci\u00e9tal.<\/p>\n\n\n\n<p><strong><em>MAP&nbsp;: quel r\u00f4le le Cr\u00e9dit Agricole du Maroc est-il appel\u00e9 \u00e0 jouer dans le cadre de la nouvelle strat\u00e9gie \u00abG\u00e9n\u00e9ration Green\u00bb&nbsp;?<\/em><\/strong><\/p>\n\n\n\n<p><strong>TARIQ SIJILMASSI&nbsp;: <\/strong>son r\u00f4le naturel, historique et l\u00e9gitime, pleinement reconnu et assum\u00e9&nbsp;! Celui de leader incontest\u00e9 du financement du secteur agricole et du milieu rural. Nous avons une responsabilit\u00e9 citoyenne particuli\u00e8rement forte et ferme envers notre cible naturelle qui est le monde agricole et le milieu rural en g\u00e9n\u00e9ral. Nous comptons l\u2019exercer \u00e0 travers un engagement ferme d\u2019accompagner la dynamique engendr\u00e9e par \u00abG\u00e9n\u00e9ration Green 2020-2030\u00bb. Nous nous sommes fortement mobilis\u00e9s dans le cadre du \u00abPlan Maroc Vert\u00bb pour lequel nos r\u00e9alisations ont largement d\u00e9pass\u00e9 nos engagements initiaux, qui ont \u00e9t\u00e9 doubl\u00e9s. Nous avons \u00e9t\u00e9 le pourvoyeur de fonds principal de ce Plan et nous serons, de la m\u00eame mani\u00e8re, le premier partenaire financier de la nouvelle strat\u00e9gie \u00abG\u00e9n\u00e9ration Green\u00bb. Ainsi, nous d\u00e9ployons un dispositif sp\u00e9cifique pour accompagner les deux axes de la strat\u00e9gie \u00abG\u00e9n\u00e9ration Green\u00bb. Pour le volet relatif \u00e0 la p\u00e9rennit\u00e9 du d\u00e9veloppement agricole, nous sommes totalement mobilis\u00e9s aupr\u00e8s des op\u00e9rateurs et des fili\u00e8res et les accompagnerons par tous les moyens n\u00e9cessaires pour la r\u00e9alisation de leurs objectifs. Pour le volet relatif \u00e0 la priorit\u00e9 donn\u00e9 \u00e0 l\u2019\u00e9l\u00e9ment humain, nous avons d\u00e9velopp\u00e9 des offres sp\u00e9cifiques d\u00e9di\u00e9es \u00e0 la valorisation des terres collectives agricoles et \u00e0 la promotion de l\u2019entrepreneuriat des jeunes en milieu rural, conjointement par le D\u00e9partement&nbsp; minist\u00e9riel de l\u2019Agriculture. II s\u2019agit de deux packs avantageux alliant financement bancaire et incitations \u00e9tatiques&nbsp;:<\/p>\n\n\n\n<p>&#8211; \u00abCAM-G\u00e9n\u00e9ration Green Jeunes\u00bb visant le d\u00e9veloppement de l\u2019entrepreneuriat des jeunes en milieu rural.<\/p>\n\n\n\n<p>&#8211; \u00abCAM-G\u00e9n\u00e9ration Green Melkisation\u00bb pour les ayant-droit b\u00e9n\u00e9ficiant des terres dans le cadre de l\u2019op\u00e9ration de \u00abMelkisation\u00bb des terres collectives.<\/p>\n\n\n\n<p><strong><em>MAP&nbsp;: derni\u00e8rement, le Cr\u00e9dit Agricole du Maroc a doubl\u00e9 l\u2019enveloppe consacr\u00e9e au secteur, au titre de la campagne agricole 2020-2021. Est-ce que cela \u00e9mane de votre optimisme quant aux perspectives de la campagne actuelle&nbsp;?<\/em><\/strong><\/p>\n\n\n\n<p><strong>TARIQ SIJILMASSI&nbsp;: <\/strong>je suis optimiste de nature. Les agriculteurs ont besoin de notre optimisme, de notre dynamisme permanent et de notre volont\u00e9 \u00e9galement permanente de faire mieux pour les soutenir. Donc, l\u2019\u00e9chec n\u2019est pas une option. Cette ann\u00e9e, je suis tr\u00e8s optimiste. La pluviom\u00e9trie est au rendez-vous et il y a une bonne dynamique gr\u00e2ce au plan \u00abG\u00e9n\u00e9ration Green\u00bb. On va r\u00e9colter les fruits du travail de plusieurs ann\u00e9es. En outre, les prix au niveau international ne sont pas mauvais.<\/p>\n\n\n\n<p><strong><em>MAP&nbsp;: malgr\u00e9 la crise&nbsp;?<\/em><\/strong><\/p>\n\n\n\n<p><strong>TARIQ SIJILMASSI&nbsp;: <\/strong>la crise a peu touch\u00e9 l\u2019agriculture. Au contraire, ce secteur a \u00e9t\u00e9 une partie de la solution&nbsp;! Plusieurs secteurs ont \u00e9t\u00e9 touch\u00e9s, mais pas l\u2019agriculture sauf certains sous-secteurs qui ont souffert, comme celui des viandes blanches \u00e0 cause de l\u2019annulation des \u00e9v\u00e9nements. D\u2019un autre c\u00f4t\u00e9, personne ne peut nier le r\u00f4le que le monde rural a jou\u00e9 pour assurer la s\u00e9curit\u00e9 alimentaire en temps de \u00abCovid\u00bb. Par ailleurs, nous constatons une demande extraordinaire pour l\u2019acquisition de petites fermettes qu\u2019on peut qualifier de \u00abretour \u00e0 la terre\u00bb. Il y a une tendance chez un certain nombre de personnes \u00e0 retourner en milieu rural en s\u2019achetant une maison ou une fermette. Le Cr\u00e9dit Agricole du Maroc, qui est un trait d\u2019union entre la ville et le monde rural, envisage \u00e0 ce titre de sortir tr\u00e8s prochainement des packages sp\u00e9cifiques. En tenant compte de la r\u00e9alit\u00e9 sociologique du Maroc selon laquelle l\u2019habitant de la ville est en g\u00e9n\u00e9ral \u00e0 une g\u00e9n\u00e9ration de la ruralit\u00e9, nous voulons formaliser ce trait d\u2019union entre la ruralit\u00e9 et la ville dans des packs sp\u00e9cifiques du Cr\u00e9dit Agricole du Maroc. Nous allons faire de l\u2019acquisition des fermes et des fermettes en milieu rural un produit exactement comme celui du cr\u00e9dit \u00e0 l\u2019habitat. Le client pourrait acheter une ferme comme il ach\u00e8terait un appartement en ville. On r\u00e9pond ainsi \u00e0 un besoin qui est n\u00e9 de la crise&nbsp;! Nous allons sortir le produit \u00abAcquisition de Ferme\u00bb, soit le m\u00eame produit qu\u2019\u00abAcquisition d\u2019Appartement\u00bb, et nous nous attendons \u00e0 un raz-de-mar\u00e9e. \u00c7a va cr\u00e9er une g\u00e9n\u00e9ration de \u00abgentleman farmers\u00bb, mais pourquoi pas&nbsp;!?<\/p>\n\n\n\n<p><strong><em>MAP&nbsp;: le Cr\u00e9dit Agricole du Maroc est un acteur majeur du financement dans le monde rural au Maroc, un cr\u00e9neau \u00e0 haut risque. Comment avez-vous r\u00e9ussi \u00e0 faire du cr\u00e9dit \u00e0 l\u2019agriculture une activit\u00e9 rentable pour la banque et, en m\u00eame temps, favorable au d\u00e9veloppement de l\u2019agriculture&nbsp;?<\/em><\/strong><\/p>\n\n\n\n<p><strong>TARIQ SIJILMASSI&nbsp;: <\/strong>l\u2019agriculture n\u2019est pas un secteur \u00e0 haut risque. Il s\u2019agit plut\u00f4t d\u2019un secteur qui comporte des gisements de tr\u00e8s grandes potentialit\u00e9s et des gisements de tr\u00e8s grands risques. Les premiers se trouvent dans certaines fili\u00e8res agricoles ou dans certaines cat\u00e9gories d\u2019agriculteurs qui exercent un m\u00e9tier extr\u00eamement rentable et qui se financent beaucoup au Cr\u00e9dit Agricole et avec lesquels nous n\u2019avons aucun probl\u00e8me et nous faisons une grande partie de notre activit\u00e9. Avec les ann\u00e9es, nous avons appris \u00e0 bien rep\u00e9rer ces secteurs \u00e0 fort potentiel et \u00e0 forte valeur ajout\u00e9e. La partie qui est \u00e0 haut risque est plut\u00f4t le petit fellah vis-\u00e0-vis duquel nous avons une responsabilit\u00e9 sociale et une mission de service public. Pour ce petit fellah, nous avons d\u00e9velopp\u00e9 toute une panoplie de produits, dont le microcr\u00e9dit \u00abTamwil El Felleh\u00bb. Nous sommes aussi des sp\u00e9cialistes du financement des coop\u00e9ratives agricoles. Nous avons cr\u00e9\u00e9 une filiale \u00abTamwil El fellah\u00bb qui fait du financement aux coop\u00e9ratives qui ne sont pas adoss\u00e9es \u00e0 des terres mais plut\u00f4t \u00e0 des programmes du minist\u00e8re, par exemple. \u00abTamwil El Fellah\u00bb g\u00e8re un risque qu\u2019aucune autre banque de la place ne peut g\u00e9rer en finan\u00e7ant des coop\u00e9ratives qui ne sont pas propri\u00e9taires des terres. Et on n\u2019a pas de grande casse&nbsp;! Du moment qu\u2019on veille \u00e0 ce que le fellah assure la bonne production, au bon endroit, avec des techniques de commercialisation ad\u00e9quates et dans l\u2019int\u00e9grit\u00e9 et l\u2019honn\u00eatet\u00e9, on sait g\u00e9rer ce risque. On a l\u2019impression que le fellah est un risque, mais dans la r\u00e9alit\u00e9, m\u00eame s\u2019il y a des difficult\u00e9s, la terre ne dispara\u00eet pas. Donc, s\u2019il a des difficult\u00e9s, elles sont g\u00e9n\u00e9ralement li\u00e9es aux mauvaises conditions climatiques surtout ou aux mauvaises conditions de commercialisation. La terre ne va pas br\u00fbler ou faire faillite. Elle reste vivante&nbsp;! Au Cr\u00e9dit Agricole, nous avons d\u00e9velopp\u00e9 un savoir-faire sp\u00e9cifique dans ce domaine, mais fondamentalement parce que la terre ne dispara\u00eet pas car elle est toujours l\u00e0&nbsp;!<\/p>\n","protected":false},"excerpt":{"rendered":"<p>Tariq Sijilmassi, Pr\u00e9sident du directoire du Cr\u00e9dit Agricole du Maroc, a accord\u00e9 r\u00e9cemment une importante interview \u00e0 la MAP, dans laquelle il s\u2019exprime notamment sur les derni\u00e8res rencontres tenues avec les interprofessions agricoles et les perspectives de la campagne agricole actuelle. Le patron de la banque verte r\u00e9pond aussi aux questions li\u00e9es au r\u00f4le de &hellip;<\/p>\n","protected":false},"author":9,"featured_media":1667,"comment_status":"open","ping_status":"closed","sticky":false,"template":"","format":"standard","meta":{"footnotes":""},"categories":[87],"tags":[],"class_list":["post-1666","post","type-post","status-publish","format-standard","has-post-thumbnail","hentry","category-interview"],"_links":{"self":[{"href":"https:\/\/letempsmag.ma\/index.php?rest_route=\/wp\/v2\/posts\/1666","targetHints":{"allow":["GET"]}}],"collection":[{"href":"https:\/\/letempsmag.ma\/index.php?rest_route=\/wp\/v2\/posts"}],"about":[{"href":"https:\/\/letempsmag.ma\/index.php?rest_route=\/wp\/v2\/types\/post"}],"author":[{"embeddable":true,"href":"https:\/\/letempsmag.ma\/index.php?rest_route=\/wp\/v2\/users\/9"}],"replies":[{"embeddable":true,"href":"https:\/\/letempsmag.ma\/index.php?rest_route=%2Fwp%2Fv2%2Fcomments&post=1666"}],"version-history":[{"count":1,"href":"https:\/\/letempsmag.ma\/index.php?rest_route=\/wp\/v2\/posts\/1666\/revisions"}],"predecessor-version":[{"id":1668,"href":"https:\/\/letempsmag.ma\/index.php?rest_route=\/wp\/v2\/posts\/1666\/revisions\/1668"}],"wp:featuredmedia":[{"embeddable":true,"href":"https:\/\/letempsmag.ma\/index.php?rest_route=\/wp\/v2\/media\/1667"}],"wp:attachment":[{"href":"https:\/\/letempsmag.ma\/index.php?rest_route=%2Fwp%2Fv2%2Fmedia&parent=1666"}],"wp:term":[{"taxonomy":"category","embeddable":true,"href":"https:\/\/letempsmag.ma\/index.php?rest_route=%2Fwp%2Fv2%2Fcategories&post=1666"},{"taxonomy":"post_tag","embeddable":true,"href":"https:\/\/letempsmag.ma\/index.php?rest_route=%2Fwp%2Fv2%2Ftags&post=1666"}],"curies":[{"name":"wp","href":"https:\/\/api.w.org\/{rel}","templated":true}]}}