{"id":1654,"date":"2021-03-26T08:10:20","date_gmt":"2021-03-26T08:10:20","guid":{"rendered":"https:\/\/letempsmag.ma\/?p=1654"},"modified":"2021-03-26T08:10:21","modified_gmt":"2021-03-26T08:10:21","slug":"la-fondation-tamkine-organise-une-nouvelle-edition-virtuelle-pour-lorientation-des-eleves","status":"publish","type":"post","link":"https:\/\/letempsmag.ma\/?p=1654","title":{"rendered":"La Fondation Tamkine organise une nouvelle \u00e9dition virtuelle pour l\u2019orientation des \u00e9l\u00e8ves"},"content":{"rendered":"\n<p>Poursuivant son action et sa mobilisation focalis\u00e9e sur le renforcement des comp\u00e9tences des \u00e9l\u00e8ves, la Fondation Tamkine met \u00e0 leur disposition une plateforme d\u00e9velopp\u00e9e par son d\u00e9partement Syst\u00e8me d\u2019information. La plateforme d\u00e9di\u00e9e \u00e0 l\u2019orientation \u00abwww.orientation.tamkine.org\u00bb permet aux \u00e9l\u00e8ves, \u00e0 diff\u00e9rents stades de leur cursus scolaire, d\u2019\u00eatre en contact virtuel avec leur conseiller en orientation ou toute autre conseiller de leur choix. \u00c0 cet effet, la Fondation organise p\u00e9riodiquement des journ\u00e9es nationales d\u2019accompagnement et d\u2019orientation. La 2<sup>\u00e8me<\/sup> \u00e9dition de ces journ\u00e9es aura lieu les 30 et 31 mars prochain et mettra en pr\u00e9sence des dizaines de conseillers d\u2019orientation avec des milliers d\u2019\u00e9l\u00e8ves de l\u2019enseignement secondaire.<\/p>\n\n\n\n<p><strong>M. E.<\/strong><\/p>\n","protected":false},"excerpt":{"rendered":"<p>Poursuivant son action et sa mobilisation focalis\u00e9e sur le renforcement des comp\u00e9tences des \u00e9l\u00e8ves, la Fondation Tamkine met \u00e0 leur disposition une plateforme d\u00e9velopp\u00e9e par son d\u00e9partement Syst\u00e8me d\u2019information. La plateforme d\u00e9di\u00e9e \u00e0 l\u2019orientation \u00abwww.orientation.tamkine.org\u00bb permet aux \u00e9l\u00e8ves, \u00e0 diff\u00e9rents stades de leur cursus scolaire, d\u2019\u00eatre en contact virtuel avec leur conseiller en orientation ou &hellip;<\/p>\n","protected":false},"author":9,"featured_media":1655,"comment_status":"open","ping_status":"closed","sticky":false,"template":"","format":"standard","meta":{"footnotes":""},"categories":[85],"tags":[],"class_list":["post-1654","post","type-post","status-publish","format-standard","has-post-thumbnail","hentry","category-enseignement"],"_links":{"self":[{"href":"https:\/\/letempsmag.ma\/index.php?rest_route=\/wp\/v2\/posts\/1654","targetHints":{"allow":["GET"]}}],"collection":[{"href":"https:\/\/letempsmag.ma\/index.php?rest_route=\/wp\/v2\/posts"}],"about":[{"href":"https:\/\/letempsmag.ma\/index.php?rest_route=\/wp\/v2\/types\/post"}],"author":[{"embeddable":true,"href":"https:\/\/letempsmag.ma\/index.php?rest_route=\/wp\/v2\/users\/9"}],"replies":[{"embeddable":true,"href":"https:\/\/letempsmag.ma\/index.php?rest_route=%2Fwp%2Fv2%2Fcomments&post=1654"}],"version-history":[{"count":1,"href":"https:\/\/letempsmag.ma\/index.php?rest_route=\/wp\/v2\/posts\/1654\/revisions"}],"predecessor-version":[{"id":1656,"href":"https:\/\/letempsmag.ma\/index.php?rest_route=\/wp\/v2\/posts\/1654\/revisions\/1656"}],"wp:featuredmedia":[{"embeddable":true,"href":"https:\/\/letempsmag.ma\/index.php?rest_route=\/wp\/v2\/media\/1655"}],"wp:attachment":[{"href":"https:\/\/letempsmag.ma\/index.php?rest_route=%2Fwp%2Fv2%2Fmedia&parent=1654"}],"wp:term":[{"taxonomy":"category","embeddable":true,"href":"https:\/\/letempsmag.ma\/index.php?rest_route=%2Fwp%2Fv2%2Fcategories&post=1654"},{"taxonomy":"post_tag","embeddable":true,"href":"https:\/\/letempsmag.ma\/index.php?rest_route=%2Fwp%2Fv2%2Ftags&post=1654"}],"curies":[{"name":"wp","href":"https:\/\/api.w.org\/{rel}","templated":true}]}}