{"id":16493,"date":"2022-07-27T11:59:03","date_gmt":"2022-07-27T10:59:03","guid":{"rendered":"https:\/\/letempsmag.ma\/?p=16493"},"modified":"2022-07-27T12:40:22","modified_gmt":"2022-07-27T11:40:22","slug":"la-premiere-edition-du-concert-de-la-jeunesse-annoncee-pour-le-21-aout-a-marrakech","status":"publish","type":"post","link":"https:\/\/letempsmag.ma\/?p=16493","title":{"rendered":"La premi\u00e8re \u00e9dition du Concert de la Jeunesse annonc\u00e9e pour le 20 ao\u00fbt \u00e0 Marrakech"},"content":{"rendered":"\n<p>\u00c0 l\u2019occasion de la F\u00eate de la Jeunesse, qui sera c\u00e9l\u00e9br\u00e9e au Maroc le 21 ao\u00fbt prochain, l\u2019agence de production et d\u2019\u00e9v\u00e9nementiel DK Prod Agency a d\u00e9cid\u00e9 d\u2019organiser, le 20 ao\u00fbt, la premi\u00e8re \u00e9dition du Concert de la Jeunesse pour c\u00e9l\u00e9brer l\u2019anniversaire du Souverain et la F\u00eate de la R\u00e9volution du Roi et du Peuple. Il s\u2019agit d\u2019un \u00e9v\u00e9nement haut en couleurs et en musique, sous le th\u00e8me \u00abNotre jeunesse, notre Richesse\u00bb, qui r\u00e9unira des artistes marocains de grand talent au Grand Stade de Marrakech.<\/p>\n\n\n\n<p>Le Pr\u00e9sident de l\u2019agence DK Prod Agency, Abdelkarim Dari, d\u00e9clare&nbsp;: \u00abNous avons choisi d\u2019organiser ce concert \u00e0 l\u2019occasion de la F\u00eate de la Jeunesse, en l\u2019honneur des efforts d\u00e9ploy\u00e9s par S.M. le Roi pour la valorisation et l\u2019\u00e9panouissement des jeunes marocains. Cet \u00e9v\u00e9nement contribuera en outre \u00e0 promouvoir le secteur touristique dans la ville ocre, dont la majorit\u00e9 des habitants sont des jeunes\u00bb. Le patron de l\u2019agence rappelle aussi que \u00abla F\u00eate de la Jeunesse, qui aura lieu le 21 ao\u00fbt prochain, en plus de la F\u00eate de la R\u00e9volution du Roi et du Peuple le 20 ao\u00fbt, sont deux dates qui marquent la forte symbiose qui existe entre le tr\u00f4ne, la jeunesse et le peuple marocain\u00bb.<\/p>\n\n\n\n<p>Le Concert de la Jeunesse promet une profusion de moments conviviaux au sein d&#8217;une ambiance festive. Ce concert \u00e0 taille humaine accueillera des artistes de renom dans le cadre d&#8217;une programmation musicale 100% marocaine, \u00e0 la fois jeune et vari\u00e9e&nbsp;: Manal Benchlikha, Lartiste, Nouamane Belaiachi, Dizzy Dros, Tagne, Moha K\u2026 Par ailleurs, un superbe feu d\u2019artifice aux couleurs du Royaume illuminera le ciel de Marrakech \u00e0 la fin du concert pour v\u00e9hiculer des valeurs d\u2019appartenance, d\u2019inspiration, d\u2019espoir, de partage, d\u2019union et d\u2019humanit\u00e9.<\/p>\n\n\n\n<p>\u00c0 noter que l\u2019agence DK Prod Agency op\u00e8re dans le secteur de la production et de l\u2019\u00e9v\u00e9nementiel depuis 2017 avec pour mission d\u2019imaginer, r\u00e9aliser et promouvoir des projets innovants et cr\u00e9atifs pour les clients qui appr\u00e9cient sa cr\u00e9ativit\u00e9 et son sens artistique.<\/p>\n\n\n\n<p><strong>L. F.<\/strong><\/p>\n","protected":false},"excerpt":{"rendered":"<p>\u00c0 l\u2019occasion de la F\u00eate de la Jeunesse, qui sera c\u00e9l\u00e9br\u00e9e au Maroc le 21 ao\u00fbt prochain, l\u2019agence de production et d\u2019\u00e9v\u00e9nementiel DK Prod Agency a d\u00e9cid\u00e9 d\u2019organiser, le 20 ao\u00fbt, la premi\u00e8re \u00e9dition du Concert de la Jeunesse pour c\u00e9l\u00e9brer l\u2019anniversaire du Souverain et la F\u00eate de la R\u00e9volution du Roi et du Peuple. &hellip;<\/p>\n","protected":false},"author":2,"featured_media":16494,"comment_status":"open","ping_status":"closed","sticky":false,"template":"","format":"standard","meta":{"footnotes":""},"categories":[783],"tags":[],"class_list":["post-16493","post","type-post","status-publish","format-standard","has-post-thumbnail","hentry","category-fete"],"_links":{"self":[{"href":"https:\/\/letempsmag.ma\/index.php?rest_route=\/wp\/v2\/posts\/16493","targetHints":{"allow":["GET"]}}],"collection":[{"href":"https:\/\/letempsmag.ma\/index.php?rest_route=\/wp\/v2\/posts"}],"about":[{"href":"https:\/\/letempsmag.ma\/index.php?rest_route=\/wp\/v2\/types\/post"}],"author":[{"embeddable":true,"href":"https:\/\/letempsmag.ma\/index.php?rest_route=\/wp\/v2\/users\/2"}],"replies":[{"embeddable":true,"href":"https:\/\/letempsmag.ma\/index.php?rest_route=%2Fwp%2Fv2%2Fcomments&post=16493"}],"version-history":[{"count":2,"href":"https:\/\/letempsmag.ma\/index.php?rest_route=\/wp\/v2\/posts\/16493\/revisions"}],"predecessor-version":[{"id":16505,"href":"https:\/\/letempsmag.ma\/index.php?rest_route=\/wp\/v2\/posts\/16493\/revisions\/16505"}],"wp:featuredmedia":[{"embeddable":true,"href":"https:\/\/letempsmag.ma\/index.php?rest_route=\/wp\/v2\/media\/16494"}],"wp:attachment":[{"href":"https:\/\/letempsmag.ma\/index.php?rest_route=%2Fwp%2Fv2%2Fmedia&parent=16493"}],"wp:term":[{"taxonomy":"category","embeddable":true,"href":"https:\/\/letempsmag.ma\/index.php?rest_route=%2Fwp%2Fv2%2Fcategories&post=16493"},{"taxonomy":"post_tag","embeddable":true,"href":"https:\/\/letempsmag.ma\/index.php?rest_route=%2Fwp%2Fv2%2Ftags&post=16493"}],"curies":[{"name":"wp","href":"https:\/\/api.w.org\/{rel}","templated":true}]}}