{"id":16487,"date":"2022-07-27T11:57:11","date_gmt":"2022-07-27T10:57:11","guid":{"rendered":"https:\/\/letempsmag.ma\/?p=16487"},"modified":"2022-07-27T11:57:12","modified_gmt":"2022-07-27T10:57:12","slug":"lemblematique-festival-tanjazz-est-de-retour","status":"publish","type":"post","link":"https:\/\/letempsmag.ma\/?p=16487","title":{"rendered":"L\u2019embl\u00e9matique festival Tanjazz est de retour\u00a0!"},"content":{"rendered":"\n<p>L\u2019embl\u00e9matique festival Tanjazz fera son retour cette ann\u00e9e, du 22 au 24 septembre prochain pour une 21\u00e8me \u00e9dition sous le signe de la continuit\u00e9 et de l\u2019ouverture. <a><\/a>Tanjazz est un \u00e9v\u00e9nement artistique historique de Tanger et son retour fait d\u00e9j\u00e0 plaisir \u00e0 des milliers d\u2019inconditionnels du jazz.<\/p>\n\n\n\n<p>La 21<sup>\u00e8me<\/sup> \u00e9dition de Tanjazz marquera une nouvelle \u00e9tape pour le festival, avec un changement de direction et une nouvelle identit\u00e9 visuelle. Soutenu par la Fondation BMCI (sponsor officiel), le festival est d\u00e9sormais organis\u00e9 par l\u2019agence Seven PM (producteur ex\u00e9cutif de Jazzablanca Festival), et ce, depuis la passation qui a eu lieu en 2019, lors de la 20<sup>\u00e8me<\/sup> \u00e9dition, entre le fondateur Philippe Lorin et le producteur de Jazzablanca.<\/p>\n\n\n\n<p>C\u2019est donc un Tanjazz rajeuni, mais aussi fid\u00e8le \u00e0 ses acquis qui s\u2019annonce&nbsp;! L\u2019ambition est d\u2019offrir une exp\u00e9rience festivali\u00e8re fid\u00e8le \u00e0 l\u2019ADN de cet \u00e9v\u00e9nement qui a jet\u00e9 les fondations d\u2019une v\u00e9ritable culture jazz au Maroc. Celle-ci se d\u00e9veloppe depuis deux d\u00e9cennies dans une promesse d\u2019ouverture et de d\u00e9couverte que la nouvelle \u00e9quipe d\u2019organisation entend prolonger, tout en l\u2019ouvrant \u00e0 de nouveaux publics.<\/p>\n\n\n\n<p>Les nombreux afficionados de Tanjazz seront heureux de retrouver l\u2019embl\u00e9matique Palais des Institutions Italiennes, c\u0153ur battant du festival, avec ses diverses sc\u00e8nes, ses jardins et ses espaces de restauration. Le nouveau format de Tanjazz offrira trois jours de f\u00eate avec plus de 20 concerts au sein du Palais (acc\u00e8s payant), mais aussi des concerts et de multiples animations gratuites, que le public d\u00e9couvrira \u00e0 travers diff\u00e9rents circuits dans la ville. Swing, Blues, Rock, Soul, World Music et Electro Jazz, la programmation de cette ann\u00e9e sera particuli\u00e8rement attractive. Le line-up illustrera les ambitions et l\u2019engagement du festival \u00e0 offrir au public tang\u00e9rois, aux fid\u00e8les festivaliers venus de Casablanca, Rabat et de l\u2019ensemble du Maroc, mais aussi aux nombreux visiteurs \u00e9trangers qui sont des habitu\u00e9s de Tanjazz. Une magnifique reprise apr\u00e8s deux ann\u00e9es de privation&nbsp;!<\/p>\n","protected":false},"excerpt":{"rendered":"<p>L\u2019embl\u00e9matique festival Tanjazz fera son retour cette ann\u00e9e, du 22 au 24 septembre prochain pour une 21\u00e8me \u00e9dition sous le signe de la continuit\u00e9 et de l\u2019ouverture. Tanjazz est un \u00e9v\u00e9nement artistique historique de Tanger et son retour fait d\u00e9j\u00e0 plaisir \u00e0 des milliers d\u2019inconditionnels du jazz. La 21\u00e8me \u00e9dition de Tanjazz marquera une nouvelle &hellip;<\/p>\n","protected":false},"author":2,"featured_media":16488,"comment_status":"open","ping_status":"closed","sticky":false,"template":"","format":"standard","meta":{"footnotes":""},"categories":[332],"tags":[],"class_list":["post-16487","post","type-post","status-publish","format-standard","has-post-thumbnail","hentry","category-musique"],"_links":{"self":[{"href":"https:\/\/letempsmag.ma\/index.php?rest_route=\/wp\/v2\/posts\/16487","targetHints":{"allow":["GET"]}}],"collection":[{"href":"https:\/\/letempsmag.ma\/index.php?rest_route=\/wp\/v2\/posts"}],"about":[{"href":"https:\/\/letempsmag.ma\/index.php?rest_route=\/wp\/v2\/types\/post"}],"author":[{"embeddable":true,"href":"https:\/\/letempsmag.ma\/index.php?rest_route=\/wp\/v2\/users\/2"}],"replies":[{"embeddable":true,"href":"https:\/\/letempsmag.ma\/index.php?rest_route=%2Fwp%2Fv2%2Fcomments&post=16487"}],"version-history":[{"count":1,"href":"https:\/\/letempsmag.ma\/index.php?rest_route=\/wp\/v2\/posts\/16487\/revisions"}],"predecessor-version":[{"id":16490,"href":"https:\/\/letempsmag.ma\/index.php?rest_route=\/wp\/v2\/posts\/16487\/revisions\/16490"}],"wp:featuredmedia":[{"embeddable":true,"href":"https:\/\/letempsmag.ma\/index.php?rest_route=\/wp\/v2\/media\/16488"}],"wp:attachment":[{"href":"https:\/\/letempsmag.ma\/index.php?rest_route=%2Fwp%2Fv2%2Fmedia&parent=16487"}],"wp:term":[{"taxonomy":"category","embeddable":true,"href":"https:\/\/letempsmag.ma\/index.php?rest_route=%2Fwp%2Fv2%2Fcategories&post=16487"},{"taxonomy":"post_tag","embeddable":true,"href":"https:\/\/letempsmag.ma\/index.php?rest_route=%2Fwp%2Fv2%2Ftags&post=16487"}],"curies":[{"name":"wp","href":"https:\/\/api.w.org\/{rel}","templated":true}]}}