{"id":16484,"date":"2022-07-26T08:47:54","date_gmt":"2022-07-26T07:47:54","guid":{"rendered":"https:\/\/letempsmag.ma\/?p=16484"},"modified":"2022-07-26T08:47:55","modified_gmt":"2022-07-26T07:47:55","slug":"254-nouveaux-cas-au-maroc-en-24-heures-et-1-258-018-cas-cumules","status":"publish","type":"post","link":"https:\/\/letempsmag.ma\/?p=16484","title":{"rendered":"254 nouveaux cas au Maroc en 24 heures et 1.258.018 cas cumul\u00e9s"},"content":{"rendered":"\n<p>Un total de 254 nouveaux cas d&#8217;infection au \u00abCovid-19\u00bb et 1.110 gu\u00e9risons a \u00e9t\u00e9 enregistr\u00e9 au Maroc dans les derni\u00e8res 24 heures, a indiqu\u00e9 lundi le minist\u00e8re de la Sant\u00e9 et de la Protection sociale, qui fait \u00e9tat de deux nouveaux d\u00e9c\u00e8s.<\/p>\n\n\n\n<p>Dans son bulletin quotidien sur la situation \u00e9pid\u00e9miologique, le minist\u00e8re a en outre pr\u00e9cis\u00e9 que le nombre de primo-vaccin\u00e9s a atteint 24.871.107, celui des personnes ayant re\u00e7u deux doses s&#8217;\u00e9l\u00e8ve \u00e0 23.360.094, alors que 6.634.691 personnes ont eu trois injections du vaccin. Le nombre des personnes qui ont re\u00e7u la quatri\u00e8me dose est de 20.639.<\/p>\n\n\n\n<p>Le nouveau bilan d&#8217;infections porte \u00e0 1.258.018 le nombre total des contaminations depuis le premier cas signal\u00e9 au Maroc le 2 mars 2020, tandis que le nombre des personnes r\u00e9tablies est pass\u00e9 \u00e0 1.234.176, soit un taux de gu\u00e9rison de 98,1%.<\/p>\n\n\n\n<p>Les nouveaux cas d&#8217;infection ont \u00e9t\u00e9 recens\u00e9s dans les r\u00e9gions de Rabat-Sal\u00e9-K\u00e9nitra (62), l&#8217;Oriental (48), Casablanca-Settat (41), Souss-Massa (23), Marrakech-Safi (21), B\u00e9ni Mellal-Kh\u00e9nifra (16), F\u00e8s-Mekn\u00e8s (13), Tanger-T\u00e9touan-Al Hoceima (11), Dra\u00e2-Tafilalet (10), La\u00e2youne-Sakia El Hamra (5) et Guelmim-Oued Noun (4).<\/p>\n\n\n\n<p>Le nombre total des d\u00e9c\u00e8s est pass\u00e9 \u00e0 16.215 (l\u00e9talit\u00e9 1,3%), avec 2 cas enregistr\u00e9s en 24 heures dans les r\u00e9gions de Rabat-Sal\u00e9-K\u00e9nitra.<\/p>\n\n\n\n<p>Les cas actifs sont au nombre de 7.627 alors que les cas s\u00e9v\u00e8res ou critiques ont atteint 12 lors des derni\u00e8res 24 heures, portant leur total \u00e0 130. Quant au taux d&#8217;occupation des lits de r\u00e9animation, il se situe \u00e0 2,5%.<\/p>\n","protected":false},"excerpt":{"rendered":"<p>Un total de 254 nouveaux cas d&#8217;infection au \u00abCovid-19\u00bb et 1.110 gu\u00e9risons a \u00e9t\u00e9 enregistr\u00e9 au Maroc dans les derni\u00e8res 24 heures, a indiqu\u00e9 lundi le minist\u00e8re de la Sant\u00e9 et de la Protection sociale, qui fait \u00e9tat de deux nouveaux d\u00e9c\u00e8s. Dans son bulletin quotidien sur la situation \u00e9pid\u00e9miologique, le minist\u00e8re a en outre &hellip;<\/p>\n","protected":false},"author":2,"featured_media":16485,"comment_status":"open","ping_status":"closed","sticky":false,"template":"","format":"standard","meta":{"footnotes":""},"categories":[168],"tags":[],"class_list":["post-16484","post","type-post","status-publish","format-standard","has-post-thumbnail","hentry","category-pandemie-2"],"_links":{"self":[{"href":"https:\/\/letempsmag.ma\/index.php?rest_route=\/wp\/v2\/posts\/16484","targetHints":{"allow":["GET"]}}],"collection":[{"href":"https:\/\/letempsmag.ma\/index.php?rest_route=\/wp\/v2\/posts"}],"about":[{"href":"https:\/\/letempsmag.ma\/index.php?rest_route=\/wp\/v2\/types\/post"}],"author":[{"embeddable":true,"href":"https:\/\/letempsmag.ma\/index.php?rest_route=\/wp\/v2\/users\/2"}],"replies":[{"embeddable":true,"href":"https:\/\/letempsmag.ma\/index.php?rest_route=%2Fwp%2Fv2%2Fcomments&post=16484"}],"version-history":[{"count":1,"href":"https:\/\/letempsmag.ma\/index.php?rest_route=\/wp\/v2\/posts\/16484\/revisions"}],"predecessor-version":[{"id":16486,"href":"https:\/\/letempsmag.ma\/index.php?rest_route=\/wp\/v2\/posts\/16484\/revisions\/16486"}],"wp:featuredmedia":[{"embeddable":true,"href":"https:\/\/letempsmag.ma\/index.php?rest_route=\/wp\/v2\/media\/16485"}],"wp:attachment":[{"href":"https:\/\/letempsmag.ma\/index.php?rest_route=%2Fwp%2Fv2%2Fmedia&parent=16484"}],"wp:term":[{"taxonomy":"category","embeddable":true,"href":"https:\/\/letempsmag.ma\/index.php?rest_route=%2Fwp%2Fv2%2Fcategories&post=16484"},{"taxonomy":"post_tag","embeddable":true,"href":"https:\/\/letempsmag.ma\/index.php?rest_route=%2Fwp%2Fv2%2Ftags&post=16484"}],"curies":[{"name":"wp","href":"https:\/\/api.w.org\/{rel}","templated":true}]}}