{"id":16478,"date":"2022-07-26T08:46:13","date_gmt":"2022-07-26T07:46:13","guid":{"rendered":"https:\/\/letempsmag.ma\/?p=16478"},"modified":"2022-07-26T08:46:15","modified_gmt":"2022-07-26T07:46:15","slug":"cdg-prevoyance-prend-la-gestion-du-programme-national-tayssir","status":"publish","type":"post","link":"https:\/\/letempsmag.ma\/?p=16478","title":{"rendered":"CDG Pr\u00e9voyance prend la gestion du programme national \u00abTayssir\u00bb"},"content":{"rendered":"\n<p>Une fois de plus, le groupe CDG (Caisse de D\u00e9p\u00f4t et de Gestion) monte au cr\u00e9neau pour honorer sa mission de service public, en particulier en mati\u00e8re d\u2019inclusion sociale. La nouvelle initiative porte sur la gestion du programme national \u00abTayssir\u00bb. Ainsi, Chakib Benmoussa, Ministre de l\u2019Education nationale, du Pr\u00e9scolaire et des Sports, Fouzi Lekja\u00e2, Ministre D\u00e9l\u00e9gu\u00e9 aupr\u00e8s de la Ministre de l&#8217;Economie et des Finances, Charg\u00e9 du Budget, et Khalid Safir, Directeur G\u00e9n\u00e9ral du groupe CDG, ont proc\u00e9d\u00e9 le 22 juillet dernier \u00e0 la signature d\u2019une convention pour la gestion mandat\u00e9e par la CNRA (Caisse Nationale de Retraites et d\u2019Assurances) du programme social \u00abTayssir\u00bb au profit des tuteurs des \u00e9l\u00e8ves.<\/p>\n\n\n\n<p>Le programme \u00abTayssir\u00bb, confi\u00e9 \u00e0 la filiale CDG Pr\u00e9voyance au m\u00eame titre que plusieurs autres programmes et fonds de solidarit\u00e9 pour le compte de l\u2019Etat (Daam Aramil, Fonds d\u2019Entraide Familiale\u2026), constitue l\u2019un des plus importants programmes sociaux existants, au vu de son impact consid\u00e9rable sur la promotion de l\u2019\u00e9ducation chez les populations les plus fragiles et sur la r\u00e9duction de la d\u00e9perdition scolaire. Ce programme a b\u00e9n\u00e9fici\u00e9, durant l\u2019ann\u00e9e scolaire 2020-2021, \u00e0 environ 1,5 million de m\u00e9nages, soit 2,2 millions d\u2019\u00e9l\u00e8ves, \u00e0 travers des bourses scolaires sous forme de transferts mon\u00e9taires totalisant un montant d\u2019environ 2,6 milliards de DH.<\/p>\n\n\n\n<p>S\u2019inscrivant dans le cadre de la d\u00e9clinaison des chantiers et des engagements de la loi-cadre \u00ab09-21\u00bb relative \u00e0 l\u2019\u00e9largissement de la protection sociale, impuls\u00e9e par les hautes instructions Royales, cette convention de gestion mandat\u00e9e du programme \u00abTayssir\u00bb vient renforcer le partenariat entre le minist\u00e8re de l\u2019Education nationale, du Pr\u00e9scolaire et des Sports, le Minist\u00e8re de l&#8217;Economie et des Finances et la Caisse de D\u00e9p\u00f4t et de Gestion en tant que tiers de confiance.<\/p>\n\n\n\n<p>La CDG, \u00e0 travers sa Branche Pr\u00e9voyance en charge de la CNRA et du RCAR, confirme ainsi son fort engagement pour d\u00e9ployer et honorer les dispositions convenues dans le cadre de cette convention et reste \u00e0 la disposition des pouvoirs publics, comme \u00e0 l\u2019accoutum\u00e9e, pour apporter sa contribution \u00e0 la r\u00e9ussite de ce grand chantier d\u2019\u00e9largissement de la protection sociale.<\/p>\n\n\n\n<p><strong>M. E.<\/strong><\/p>\n","protected":false},"excerpt":{"rendered":"<p>Une fois de plus, le groupe CDG (Caisse de D\u00e9p\u00f4t et de Gestion) monte au cr\u00e9neau pour honorer sa mission de service public, en particulier en mati\u00e8re d\u2019inclusion sociale. La nouvelle initiative porte sur la gestion du programme national \u00abTayssir\u00bb. Ainsi, Chakib Benmoussa, Ministre de l\u2019Education nationale, du Pr\u00e9scolaire et des Sports, Fouzi Lekja\u00e2, Ministre &hellip;<\/p>\n","protected":false},"author":2,"featured_media":16479,"comment_status":"open","ping_status":"closed","sticky":false,"template":"","format":"standard","meta":{"footnotes":""},"categories":[141],"tags":[],"class_list":["post-16478","post","type-post","status-publish","format-standard","has-post-thumbnail","hentry","category-protection-sociale"],"_links":{"self":[{"href":"https:\/\/letempsmag.ma\/index.php?rest_route=\/wp\/v2\/posts\/16478","targetHints":{"allow":["GET"]}}],"collection":[{"href":"https:\/\/letempsmag.ma\/index.php?rest_route=\/wp\/v2\/posts"}],"about":[{"href":"https:\/\/letempsmag.ma\/index.php?rest_route=\/wp\/v2\/types\/post"}],"author":[{"embeddable":true,"href":"https:\/\/letempsmag.ma\/index.php?rest_route=\/wp\/v2\/users\/2"}],"replies":[{"embeddable":true,"href":"https:\/\/letempsmag.ma\/index.php?rest_route=%2Fwp%2Fv2%2Fcomments&post=16478"}],"version-history":[{"count":1,"href":"https:\/\/letempsmag.ma\/index.php?rest_route=\/wp\/v2\/posts\/16478\/revisions"}],"predecessor-version":[{"id":16480,"href":"https:\/\/letempsmag.ma\/index.php?rest_route=\/wp\/v2\/posts\/16478\/revisions\/16480"}],"wp:featuredmedia":[{"embeddable":true,"href":"https:\/\/letempsmag.ma\/index.php?rest_route=\/wp\/v2\/media\/16479"}],"wp:attachment":[{"href":"https:\/\/letempsmag.ma\/index.php?rest_route=%2Fwp%2Fv2%2Fmedia&parent=16478"}],"wp:term":[{"taxonomy":"category","embeddable":true,"href":"https:\/\/letempsmag.ma\/index.php?rest_route=%2Fwp%2Fv2%2Fcategories&post=16478"},{"taxonomy":"post_tag","embeddable":true,"href":"https:\/\/letempsmag.ma\/index.php?rest_route=%2Fwp%2Fv2%2Ftags&post=16478"}],"curies":[{"name":"wp","href":"https:\/\/api.w.org\/{rel}","templated":true}]}}