{"id":16297,"date":"2022-07-19T14:23:36","date_gmt":"2022-07-19T13:23:36","guid":{"rendered":"https:\/\/letempsmag.ma\/?p=16297"},"modified":"2022-07-19T14:23:37","modified_gmt":"2022-07-19T13:23:37","slug":"la-fondation-zakoura-wimen-et-bayer-afrique-engages-pour-les-femmes-en-zones-rurales","status":"publish","type":"post","link":"https:\/\/letempsmag.ma\/?p=16297","title":{"rendered":"La Fondation Zakoura, WIMEN et Bayer Afrique engag\u00e9s pour les femmes en zones rurales"},"content":{"rendered":"\n<p>La Fondation Zakoura, l\u2019Association WIMEN et l\u2019entreprise Bayer Afrique viennent de signer un accord tripartite pour promouvoir l\u2019entrepreneuriat f\u00e9minin dans les zones rurales. Cette convention de partenariat vise \u00e0 renforcer l\u2019engagement des trois institutions en faveur de l\u2019entrepreneuriat de la femme rurale. La premi\u00e8re phase de ce projet consiste \u00e0 mettre en place un dispositif d&#8217;appui, permettant \u00e0 la fois de booster l\u2019entrepreneuriat chez 100 femmes et de finaliser 40 projets avec 50 jeunes filles et femmes de la province Mohammedia.<\/p>\n\n\n\n<p>Par ailleurs, le projet ambitionne aussi de mettre en place une approche d&#8217;appui \u00e0 l&#8217;entrepreneuriat permettant d&#8217;assurer et de garantir, en proximit\u00e9 avec les femmes b\u00e9n\u00e9ficiaires, un niveau de qualit\u00e9 de l&#8217;appui d\u00e9livr\u00e9 \u00e0 travers la professionnalisation des acteurs et leur suivi-\u00e9valuation.<\/p>\n\n\n\n<p>\u00abCette exp\u00e9rience dans la province de Mohammedia, gr\u00e2ce \u00e0 notre partenariat social avec le groupe agro pharmaceutique allemand Bayer et gr\u00e2ce \u00e0 l\u2019appui et le support d\u2019un partenaire de r\u00e9f\u00e9rence engag\u00e9 de longue date dans l\u2019\u00e9ducation entrepreneuriale, la Fondation Zakoura, augure du succ\u00e8s futur de cette initiative. Nous sommes fi\u00e8res de pouvoir apporter notre modeste contribution \u00e0 l\u2019\u00e9difice du chantier social et d\u2019inclusion auquel aspire le Maroc durable d\u2019aujourd\u2019hui et de demain\u00bb, confie Laila El Andaloussi, pr\u00e9sidente de WIMEN, en marge de la c\u00e9r\u00e9monie de signature.<\/p>\n\n\n\n<p>Pour sa par, Rajaa Kantaoui, Directrice des Affaires publiques, des Communications et du D\u00e9veloppement durable de Bayer Afrique, affirme que \u00abL\u2019innovation sociale fa\u00e7onne de plus en plus l\u2019entrepreneuriat dans le monde rural et permet au Maroc de soutenir ses d\u00e9fis de d\u00e9veloppement durable. Le groupe Bayer se r\u00e9jouit de soutenir une communaut\u00e9 tourn\u00e9e vers l\u2019entreprenariat sociale, l\u2019autonomisation des femmes, la diversit\u00e9 et l\u2019inclusion sociale. Dans ce sens, nous souhaitons mettre \u00e0 la disposition du r\u00e9seau International des femmes dirigeantes, notre expertise en mati\u00e8re de pilotage de projets sociaux et aussi apporter une contribution financi\u00e8re qui mat\u00e9rialise nos projets de d\u00e9veloppement durable sur lesquels nous sommes engag\u00e9s\u00bb.<\/p>\n\n\n\n<p>De son c\u00f4t\u00e9, Mohammed Zaari, Directeur Ex\u00e9cutif de la Fondation Zakoura, a d\u00e9clar\u00e9 que \u00abLa Fondation Zakoura confirme une exp\u00e9rience de plus de 10 ans dans la cr\u00e9ation des AGRS et des projets d\u2019entrepreneuriat en zones rurales et p\u00e9riurbaines. Ainsi, \u00e0 travers ce nouveau partenariat, l\u2019objectif vis\u00e9 est d\u2019\u00e9largir et multiplier les efforts en d\u00e9ployant de nouveaux projets en entrepreneuriat et autonomisation f\u00e9minin, deux axes strat\u00e9giques qui sont au c\u0153ur de l\u2019engagement quotidien de la Fondation Zakoura\u00bb.<\/p>\n\n\n\n<p>\u00c0 l\u2019issue de la c\u00e9r\u00e9monie de signature de la convention tripartite, plusieurs acteurs dans le domaine de l\u2019entrepreneuriat social et rural, de la RSE et du d\u00e9veloppement durable ont pris part \u00e0 un d\u00e9bat tr\u00e8s anim\u00e9 sur la th\u00e9matique \u00abFemmes et ruralit\u00e9&nbsp;: quelles perspectives pour l\u2019entrepreneuriat&nbsp;?\u00bb.<\/p>\n","protected":false},"excerpt":{"rendered":"<p>La Fondation Zakoura, l\u2019Association WIMEN et l\u2019entreprise Bayer Afrique viennent de signer un accord tripartite pour promouvoir l\u2019entrepreneuriat f\u00e9minin dans les zones rurales. Cette convention de partenariat vise \u00e0 renforcer l\u2019engagement des trois institutions en faveur de l\u2019entrepreneuriat de la femme rurale. La premi\u00e8re phase de ce projet consiste \u00e0 mettre en place un dispositif &hellip;<\/p>\n","protected":false},"author":2,"featured_media":16298,"comment_status":"open","ping_status":"closed","sticky":false,"template":"","format":"standard","meta":{"footnotes":""},"categories":[34],"tags":[],"class_list":["post-16297","post","type-post","status-publish","format-standard","has-post-thumbnail","hentry","category-entrepreneuriat"],"_links":{"self":[{"href":"https:\/\/letempsmag.ma\/index.php?rest_route=\/wp\/v2\/posts\/16297","targetHints":{"allow":["GET"]}}],"collection":[{"href":"https:\/\/letempsmag.ma\/index.php?rest_route=\/wp\/v2\/posts"}],"about":[{"href":"https:\/\/letempsmag.ma\/index.php?rest_route=\/wp\/v2\/types\/post"}],"author":[{"embeddable":true,"href":"https:\/\/letempsmag.ma\/index.php?rest_route=\/wp\/v2\/users\/2"}],"replies":[{"embeddable":true,"href":"https:\/\/letempsmag.ma\/index.php?rest_route=%2Fwp%2Fv2%2Fcomments&post=16297"}],"version-history":[{"count":1,"href":"https:\/\/letempsmag.ma\/index.php?rest_route=\/wp\/v2\/posts\/16297\/revisions"}],"predecessor-version":[{"id":16299,"href":"https:\/\/letempsmag.ma\/index.php?rest_route=\/wp\/v2\/posts\/16297\/revisions\/16299"}],"wp:featuredmedia":[{"embeddable":true,"href":"https:\/\/letempsmag.ma\/index.php?rest_route=\/wp\/v2\/media\/16298"}],"wp:attachment":[{"href":"https:\/\/letempsmag.ma\/index.php?rest_route=%2Fwp%2Fv2%2Fmedia&parent=16297"}],"wp:term":[{"taxonomy":"category","embeddable":true,"href":"https:\/\/letempsmag.ma\/index.php?rest_route=%2Fwp%2Fv2%2Fcategories&post=16297"},{"taxonomy":"post_tag","embeddable":true,"href":"https:\/\/letempsmag.ma\/index.php?rest_route=%2Fwp%2Fv2%2Ftags&post=16297"}],"curies":[{"name":"wp","href":"https:\/\/api.w.org\/{rel}","templated":true}]}}