{"id":16273,"date":"2022-07-18T12:49:31","date_gmt":"2022-07-18T11:49:31","guid":{"rendered":"https:\/\/letempsmag.ma\/?p=16273"},"modified":"2022-07-18T12:49:32","modified_gmt":"2022-07-18T11:49:32","slug":"787-nouveaux-cas-au-maroc-en-24-heures-et-1-251-297-cas-cumules","status":"publish","type":"post","link":"https:\/\/letempsmag.ma\/?p=16273","title":{"rendered":"787 nouveaux cas au Maroc en 24 heures et 1.251.297 cas cumul\u00e9s"},"content":{"rendered":"\n<p>Un total de six nouveaux d\u00e9c\u00e8s li\u00e9s au \u00abCovid-19\u00bb a \u00e9t\u00e9 enregistr\u00e9 dans les derni\u00e8res 24 heures au Maroc, a indiqu\u00e9 dimanche le minist\u00e8re de la Sant\u00e9 et de la Protection sociale, qui fait \u00e9galement \u00e9tat de 787 nouveaux cas d&#8217;infection.<\/p>\n\n\n\n<p>Ces d\u00e9c\u00e8s ont \u00e9t\u00e9 recens\u00e9s dans les r\u00e9gions de Marrakech-Safi (2), Souss-Massa (2), Rabat-Sal\u00e9-K\u00e9nitra (1) et Guelmim-Oued Noun (1), a pr\u00e9cis\u00e9 le minist\u00e8re dans son bulletin quotidien sur la situation \u00e9pid\u00e9miologique, annon\u00e7ant un total de 16.184 cas de d\u00e9c\u00e8s.<\/p>\n\n\n\n<p>En outre, 1.472 gu\u00e9risons a \u00e9t\u00e9 comptabilis\u00e9 ces derni\u00e8res 24 heures, souligne le bulletin, faisant savoir que le nombre de primo-vaccin\u00e9s a atteint 24.865.046, celui des personnes ayant re\u00e7u deux doses s&#8217;\u00e9l\u00e8ve \u00e0 23.352.719, alors que 6.597.379 personnes ont eu trois injections du vaccin. Le nombre des personnes qui ont re\u00e7u la quatri\u00e8me dose est de 12.083.<\/p>\n\n\n\n<p>Le nouveau bilan d&#8217;infections porte \u00e0 1.251.297 le nombre total des contaminations depuis le premier cas signal\u00e9 au Maroc le 2 mars 2020, tandis que le nombre des personnes r\u00e9tablies est pass\u00e9 \u00e0 1.220.252, soit un taux de gu\u00e9rison de 97,5%.<\/p>\n\n\n\n<p>Les nouveaux cas d&#8217;infection ont \u00e9t\u00e9 recens\u00e9s dans les r\u00e9gions de Rabat-Sal\u00e9-K\u00e9nitra (217), Casablanca-Settat (159), Marrakech-Safi (86), Souss-Massa (79), F\u00e8s-Mekn\u00e8s (73), l&#8217;Oriental (63), Tanger-T\u00e9touan-Al Hoceima (54), B\u00e9ni Mellal-Kh\u00e9nifra (19), Dra\u00e2-Tafilalet (18), Dakhla-Oued Eddahab (09), Guelmim-Oued Noun (06) et La\u00e2youne-Sakia El Hamra (04).<\/p>\n\n\n\n<p>Les cas actifs sont au nombre de 14.861, alors que 10 cas s\u00e9v\u00e8res ou critiques ont \u00e9t\u00e9 enregistr\u00e9s lors des derni\u00e8res 24 heures, portant leur total \u00e0 138. Quant au taux d&#8217;occupation des lits de r\u00e9animation, il se situe \u00e0 2,6%.<\/p>\n","protected":false},"excerpt":{"rendered":"<p>Un total de six nouveaux d\u00e9c\u00e8s li\u00e9s au \u00abCovid-19\u00bb a \u00e9t\u00e9 enregistr\u00e9 dans les derni\u00e8res 24 heures au Maroc, a indiqu\u00e9 dimanche le minist\u00e8re de la Sant\u00e9 et de la Protection sociale, qui fait \u00e9galement \u00e9tat de 787 nouveaux cas d&#8217;infection. Ces d\u00e9c\u00e8s ont \u00e9t\u00e9 recens\u00e9s dans les r\u00e9gions de Marrakech-Safi (2), Souss-Massa (2), Rabat-Sal\u00e9-K\u00e9nitra &hellip;<\/p>\n","protected":false},"author":2,"featured_media":16274,"comment_status":"open","ping_status":"closed","sticky":false,"template":"","format":"standard","meta":{"footnotes":""},"categories":[168],"tags":[],"class_list":["post-16273","post","type-post","status-publish","format-standard","has-post-thumbnail","hentry","category-pandemie-2"],"_links":{"self":[{"href":"https:\/\/letempsmag.ma\/index.php?rest_route=\/wp\/v2\/posts\/16273","targetHints":{"allow":["GET"]}}],"collection":[{"href":"https:\/\/letempsmag.ma\/index.php?rest_route=\/wp\/v2\/posts"}],"about":[{"href":"https:\/\/letempsmag.ma\/index.php?rest_route=\/wp\/v2\/types\/post"}],"author":[{"embeddable":true,"href":"https:\/\/letempsmag.ma\/index.php?rest_route=\/wp\/v2\/users\/2"}],"replies":[{"embeddable":true,"href":"https:\/\/letempsmag.ma\/index.php?rest_route=%2Fwp%2Fv2%2Fcomments&post=16273"}],"version-history":[{"count":1,"href":"https:\/\/letempsmag.ma\/index.php?rest_route=\/wp\/v2\/posts\/16273\/revisions"}],"predecessor-version":[{"id":16275,"href":"https:\/\/letempsmag.ma\/index.php?rest_route=\/wp\/v2\/posts\/16273\/revisions\/16275"}],"wp:featuredmedia":[{"embeddable":true,"href":"https:\/\/letempsmag.ma\/index.php?rest_route=\/wp\/v2\/media\/16274"}],"wp:attachment":[{"href":"https:\/\/letempsmag.ma\/index.php?rest_route=%2Fwp%2Fv2%2Fmedia&parent=16273"}],"wp:term":[{"taxonomy":"category","embeddable":true,"href":"https:\/\/letempsmag.ma\/index.php?rest_route=%2Fwp%2Fv2%2Fcategories&post=16273"},{"taxonomy":"post_tag","embeddable":true,"href":"https:\/\/letempsmag.ma\/index.php?rest_route=%2Fwp%2Fv2%2Ftags&post=16273"}],"curies":[{"name":"wp","href":"https:\/\/api.w.org\/{rel}","templated":true}]}}