{"id":16138,"date":"2022-07-13T09:32:26","date_gmt":"2022-07-13T08:32:26","guid":{"rendered":"https:\/\/letempsmag.ma\/?p=16138"},"modified":"2022-07-13T09:32:27","modified_gmt":"2022-07-13T08:32:27","slug":"alessandra-ambrosio-associe-son-image-a-nespresso-pour-une-saison-estivale-healthy","status":"publish","type":"post","link":"https:\/\/letempsmag.ma\/?p=16138","title":{"rendered":"Alessandra Ambrosio associe son image \u00e0 Nespresso pour une saison estivale healthy"},"content":{"rendered":"\n<p>La collection \u00e9t\u00e9 2022 de Nespresso est arriv\u00e9e et c\u2019est une gamme tropicale d\u2019inspiration br\u00e9silienne. Pour porter cette campagne, Alessandra Ambrosi, mannequin star br\u00e9silienne, connue pour son engagement pour l\u2019\u00e9cologie, a \u00e9t\u00e9 choisie comme \u00e9g\u00e9rie. Inspir\u00e9 des d\u00e9licieuses saveurs des tropiques, le citron vert et la menthe, le nouveau caf\u00e9 \u00abBarista Creations Liminha Over Ice\u00bb a tout d\u2019une boisson rafraichissante et reposante. Le jaune citron ensoleill\u00e9 et l\u2019impression de feuilles tropicales qui ornent les derniers designs d\u2019\u00e9t\u00e9 de Nespresso, rendent hommage au br\u00e9sil. Nespresso rend \u00e9galement hommage au paysage vibrant du Br\u00e9sil, pr\u00eat \u00e0 unir les amoureux du caf\u00e9 par la positivit\u00e9 cette saison.<\/p>\n\n\n\n<p>En plus d\u2019incarner la joie de vivre et la bonne ambiance, cette nouvelle campagne Nespresso est un hymne au bien-\u00eatre. L\u2019\u00e9t\u00e9 est en effet le moment id\u00e9al pour mettre en place de nouvelles routines comme celles d\u2019accompagner son cours de yoga ou sa m\u00e9ditation d\u2019un caf\u00e9 glac\u00e9. Le caf\u00e9 est l\u2019\u00e9l\u00e9ment de base qui aide \u00e0 soutenir ces r\u00e9solutions estivales. C\u2019est pour cela que Nespresso a mis en avant des \u00abmantras\u00bb positifs tout au long de l\u2019\u00e9t\u00e9, dont deux d\u2019entre eux, \u00abNew Bearth Bloom\u00bb et \u00abInhale Exhale Enjoy\u00bb, figureront sur les tasses de caf\u00e9 en \u00e9dition limit\u00e9e.<\/p>\n\n\n\n<p>Sur son implication dans la campagne estivale de Nespresso, Alessandra Ambrosio d\u00e9clare&nbsp;: \u00abL&#8217;\u00e9t\u00e9 est ma p\u00e9riode pr\u00e9f\u00e9r\u00e9e de l&#8217;ann\u00e9e et, en tant que Br\u00e9silienne, je suis tr\u00e8s fi\u00e8re d&#8217;\u00eatre le visage d&#8217;une campagne inspir\u00e9e de mon pays. J&#8217;aime le concept du caf\u00e9 qui marque des moments importants de r\u00e9flexion tout au long de la journ\u00e9e. Je suis tr\u00e8s enthousiaste \u00e0 l&#8217;id\u00e9e de faire partie d&#8217;une campagne aussi stimulante et de travailler avec Nespresso pour donner vie \u00e0 ces d\u00e9licieuses recettes, \u00e0 ces accessoires estivaux et \u00e0 ces caf\u00e9s de qualit\u00e9\u00bb.<\/p>\n","protected":false},"excerpt":{"rendered":"<p>La collection \u00e9t\u00e9 2022 de Nespresso est arriv\u00e9e et c\u2019est une gamme tropicale d\u2019inspiration br\u00e9silienne. Pour porter cette campagne, Alessandra Ambrosi, mannequin star br\u00e9silienne, connue pour son engagement pour l\u2019\u00e9cologie, a \u00e9t\u00e9 choisie comme \u00e9g\u00e9rie. Inspir\u00e9 des d\u00e9licieuses saveurs des tropiques, le citron vert et la menthe, le nouveau caf\u00e9 \u00abBarista Creations Liminha Over Ice\u00bb &hellip;<\/p>\n","protected":false},"author":2,"featured_media":16139,"comment_status":"open","ping_status":"closed","sticky":false,"template":"","format":"standard","meta":{"footnotes":""},"categories":[294],"tags":[],"class_list":["post-16138","post","type-post","status-publish","format-standard","has-post-thumbnail","hentry","category-cafe"],"_links":{"self":[{"href":"https:\/\/letempsmag.ma\/index.php?rest_route=\/wp\/v2\/posts\/16138","targetHints":{"allow":["GET"]}}],"collection":[{"href":"https:\/\/letempsmag.ma\/index.php?rest_route=\/wp\/v2\/posts"}],"about":[{"href":"https:\/\/letempsmag.ma\/index.php?rest_route=\/wp\/v2\/types\/post"}],"author":[{"embeddable":true,"href":"https:\/\/letempsmag.ma\/index.php?rest_route=\/wp\/v2\/users\/2"}],"replies":[{"embeddable":true,"href":"https:\/\/letempsmag.ma\/index.php?rest_route=%2Fwp%2Fv2%2Fcomments&post=16138"}],"version-history":[{"count":1,"href":"https:\/\/letempsmag.ma\/index.php?rest_route=\/wp\/v2\/posts\/16138\/revisions"}],"predecessor-version":[{"id":16140,"href":"https:\/\/letempsmag.ma\/index.php?rest_route=\/wp\/v2\/posts\/16138\/revisions\/16140"}],"wp:featuredmedia":[{"embeddable":true,"href":"https:\/\/letempsmag.ma\/index.php?rest_route=\/wp\/v2\/media\/16139"}],"wp:attachment":[{"href":"https:\/\/letempsmag.ma\/index.php?rest_route=%2Fwp%2Fv2%2Fmedia&parent=16138"}],"wp:term":[{"taxonomy":"category","embeddable":true,"href":"https:\/\/letempsmag.ma\/index.php?rest_route=%2Fwp%2Fv2%2Fcategories&post=16138"},{"taxonomy":"post_tag","embeddable":true,"href":"https:\/\/letempsmag.ma\/index.php?rest_route=%2Fwp%2Fv2%2Ftags&post=16138"}],"curies":[{"name":"wp","href":"https:\/\/api.w.org\/{rel}","templated":true}]}}