{"id":16116,"date":"2022-07-12T07:57:38","date_gmt":"2022-07-12T06:57:38","guid":{"rendered":"https:\/\/letempsmag.ma\/?p=16116"},"modified":"2022-07-12T07:57:40","modified_gmt":"2022-07-12T06:57:40","slug":"lecole-francaise-internationale-lance-un-nouveau-campus-a-casa-finance-city","status":"publish","type":"post","link":"https:\/\/letempsmag.ma\/?p=16116","title":{"rendered":"L\u2019Ecole Fran\u00e7aise Internationale lance un nouveau campus \u00e0 Casa Finance City"},"content":{"rendered":"\n<p>L\u2019Ecole Fran\u00e7aise Internationale (EFI) de Casablanca a proc\u00e9d\u00e9, le 7 juillet courant, \u00e0 la c\u00e9r\u00e9monie de pose de la 1\u00e8re pierre du campus de son coll\u00e8ge-lyc\u00e9e, en pr\u00e9sence de Luc Chatel, Pr\u00e9sident de l\u2019EFI Casablanca et ancien Ministre fran\u00e7ais de l\u2019Education nationale, de Younes Slaoui, Directeur G\u00e9n\u00e9ral de l&#8217;EFI Casablanca, de H\u00e9l\u00e8ne Le Gal, Ambassadrice de France au Maroc, et d\u2019Abdellatif Mazouz, Pr\u00e9sident de la R\u00e9gion Casablanca-Settat.<\/p>\n\n\n\n<p>L\u2019EFI de Casablanca a \u00e9t\u00e9 s\u00e9lectionn\u00e9e suite \u00e0 un appel d\u2019offres lanc\u00e9 par l\u2019Agence d&#8217;Urbanisation et de D\u00e9veloppement d&#8217;Anfa (AUDA), filiale de la Caisse de D\u00e9p\u00f4t et de Gestion du Maroc (CDG). \u00abCette s\u00e9lection repr\u00e9sente en soi une v\u00e9ritable reconnaissance du savoir-faire et de l\u2019expertise de l\u2019EFI de Casablanca, qui fait partie du r\u00e9seau de l\u2019AEFE et d\u2019Odyssey, premier groupe fran\u00e7ais priv\u00e9 d\u2019\u00e9ducation internationale, pr\u00e9sent dans 14 pays en Europe, en Afrique et en Asie\u00bb, a d\u00e9clar\u00e9 Luc Chatel.<\/p>\n\n\n\n<p>Le nouveau campus, dont l\u2019ouverture est pr\u00e9vue en septembre 2023, r\u00e9pondra aux normes internationales les plus strictes en la mati\u00e8re, est situ\u00e9 en plein c\u0153ur de Casablanca Finance City. Il sera le deuxi\u00e8me du genre \u00e0 \u00eatre con\u00e7u par l\u2019EFI de Casablanca au niveau du centre urbain Casa-Anfa, apr\u00e8s le campus pour le primaire (maternelle et \u00e9l\u00e9mentaire) inaugur\u00e9 en septembre 2017. S\u2019\u00e9talant sur un foncier de plus de 8.500 m2, \u00e0 proximit\u00e9 du site Anfa Park, ce nouveau campus se composera d\u2019un p\u00f4le p\u00e9dagogique int\u00e9grant des salles de classe modulables, des amphith\u00e9\u00e2tres, des espaces \u00e9ducatifs scientifiques, artistiques, culturels et sportifs vari\u00e9s, des zones de d\u00e9pose-minute et des espaces de vie prenant en consid\u00e9ration le bien-\u00eatre et l\u2019\u00e9panouissement des \u00e9l\u00e8ves et de l\u2019ensemble de la communaut\u00e9 \u00e9ducative.<\/p>\n","protected":false},"excerpt":{"rendered":"<p>L\u2019Ecole Fran\u00e7aise Internationale (EFI) de Casablanca a proc\u00e9d\u00e9, le 7 juillet courant, \u00e0 la c\u00e9r\u00e9monie de pose de la 1\u00e8re pierre du campus de son coll\u00e8ge-lyc\u00e9e, en pr\u00e9sence de Luc Chatel, Pr\u00e9sident de l\u2019EFI Casablanca et ancien Ministre fran\u00e7ais de l\u2019Education nationale, de Younes Slaoui, Directeur G\u00e9n\u00e9ral de l&#8217;EFI Casablanca, de H\u00e9l\u00e8ne Le Gal, Ambassadrice &hellip;<\/p>\n","protected":false},"author":2,"featured_media":16117,"comment_status":"open","ping_status":"closed","sticky":false,"template":"","format":"standard","meta":{"footnotes":""},"categories":[80],"tags":[],"class_list":["post-16116","post","type-post","status-publish","format-standard","has-post-thumbnail","hentry","category-education"],"_links":{"self":[{"href":"https:\/\/letempsmag.ma\/index.php?rest_route=\/wp\/v2\/posts\/16116","targetHints":{"allow":["GET"]}}],"collection":[{"href":"https:\/\/letempsmag.ma\/index.php?rest_route=\/wp\/v2\/posts"}],"about":[{"href":"https:\/\/letempsmag.ma\/index.php?rest_route=\/wp\/v2\/types\/post"}],"author":[{"embeddable":true,"href":"https:\/\/letempsmag.ma\/index.php?rest_route=\/wp\/v2\/users\/2"}],"replies":[{"embeddable":true,"href":"https:\/\/letempsmag.ma\/index.php?rest_route=%2Fwp%2Fv2%2Fcomments&post=16116"}],"version-history":[{"count":1,"href":"https:\/\/letempsmag.ma\/index.php?rest_route=\/wp\/v2\/posts\/16116\/revisions"}],"predecessor-version":[{"id":16118,"href":"https:\/\/letempsmag.ma\/index.php?rest_route=\/wp\/v2\/posts\/16116\/revisions\/16118"}],"wp:featuredmedia":[{"embeddable":true,"href":"https:\/\/letempsmag.ma\/index.php?rest_route=\/wp\/v2\/media\/16117"}],"wp:attachment":[{"href":"https:\/\/letempsmag.ma\/index.php?rest_route=%2Fwp%2Fv2%2Fmedia&parent=16116"}],"wp:term":[{"taxonomy":"category","embeddable":true,"href":"https:\/\/letempsmag.ma\/index.php?rest_route=%2Fwp%2Fv2%2Fcategories&post=16116"},{"taxonomy":"post_tag","embeddable":true,"href":"https:\/\/letempsmag.ma\/index.php?rest_route=%2Fwp%2Fv2%2Ftags&post=16116"}],"curies":[{"name":"wp","href":"https:\/\/api.w.org\/{rel}","templated":true}]}}