{"id":15808,"date":"2022-06-27T12:24:56","date_gmt":"2022-06-27T11:24:56","guid":{"rendered":"https:\/\/letempsmag.ma\/?p=15808"},"modified":"2022-06-27T12:25:06","modified_gmt":"2022-06-27T11:25:06","slug":"avec-anfa-park-cest-la-fete-a-casablanca","status":"publish","type":"post","link":"https:\/\/letempsmag.ma\/?p=15808","title":{"rendered":"Avec Anfa Park, c\u2019est la f\u00eate \u00e0 Casablanca"},"content":{"rendered":"\n<p>Pour c\u00e9l\u00e9brer l\u2019arriv\u00e9e de l\u2019\u00e9t\u00e9, Anfa Park accueille deux \u00e9v\u00e9nements qui se tiennent du 21 au 30 juin courant \u00e0 Casablanca. Il s\u2019agit d\u2019\u00abAnfa Park en f\u00eate\u00bb et de \u00abVillage Casa Anfa\u00bb. C\u2019est, en effet, la f\u00eate tous les jours jusqu\u2019au 30 juin&nbsp;! Pour l\u2019occasion, Anfa Park accueille, entre autres, des artistes de renom \u00e0 l\u2019instar de DJ Moon, Jihane Bougrine, Ir\u00e9n\u00e9e S, Diae Ettayebi\u2026 On doit ce tr\u00e8s beau happening \u00e0 un grands op\u00e9rateur, en l\u2019occurrence l\u2019Agence d&#8217;Urbanisation et de D\u00e9veloppement d\u2019Anfa (AUDA), filiale du groupe CDG (Caisse de D\u00e9p\u00f4ts et de Gestion).<\/p>\n\n\n\n<p>Ainsi, pour la premi\u00e8re fois, Anfa Park s&#8217;animera durant une dizaine de jours aux couleurs de festivit\u00e9s et de rythmes de nombreux \u00e9v\u00e9nements et activit\u00e9s culturelles, artistiques, sportives et p\u00e9dagogiques, pour le grand plaisir des grands et des petits. Deux espaces d\u2019animations sont propos\u00e9s, \u00abAnfa Park\u00bb en f\u00eate et le \u00abVillage Casa Anfa\u00bb, avec un programme riche et vari\u00e9, destin\u00e9 \u00e0 tous les publics&nbsp;: une F\u00eate de la musique, Les foul\u00e9es de Casa Anfa, la Nuit \u00c9lectronique, des concerts de jeunes talents marocains, des ateliers de street art, des animations X Games, une marketplace, le Salon lmmoGallery, un food court et bien d&#8217;autres activit\u00e9s sportives, ludiques et culturelles.<\/p>\n\n\n\n<p>Les activit\u00e9s sont r\u00e9alis\u00e9es en partenariat avec I&#8217;agence d\u2019\u00e9v\u00e9nementiel culturel Seven PM, I&#8217;Association Jazz Au Maroc, I&#8217;lnstitut Fran\u00e7ais de Casablanca et la F\u00e9d\u00e9ration Nationale des Promoteurs lmmobiliers (FNPI).<\/p>\n\n\n\n<p>D\u00e8s I\u2019entr\u00e9e d&#8217;Anfa Park, Ie \u00abBibliotobiss\u00bb accueille les visiteurs. Cet espace mobile am\u00e9nag\u00e9 dans un conteneur est compos\u00e9 d&#8217;une biblioth\u00e8que contenant plus de 300 livres en fran\u00e7ais et en arabe, d\u2019un espace num\u00e9rique et multim\u00e9dia, d\u2019un espace \u00abMicro-Folies\u00bb et d\u2019un mus\u00e9e num\u00e9rique pr\u00e9sentant les grandes collections mus\u00e9ales fran\u00e7aises et europ\u00e9ennes.<\/p>\n\n\n\n<p>Dans une d\u00e9claration sur le site, Moulay Ahmed Alami (photo), Manager de l\u2019agence d\u2019\u00e9v\u00e9nementiel culturel Seven PM, nous a assur\u00e9 que \u00able happening \u00abAnfa Park\u00bb en f\u00eate est un \u00e9v\u00e9nement qui va animer cet \u00e9cosyst\u00e8me jusqu\u2019au 30 juin courant \u00e0 travers une multitude d\u2019activit\u00e9s pour tous les publics. De ce fait, le site sera un v\u00e9ritable \u00e9picentre culturel, festif et d\u2019animation dans la capitale \u00e9conomique\u00bb.<\/p>\n\n\n\n<p><strong>M. E.<\/strong><\/p>\n","protected":false},"excerpt":{"rendered":"<p>Pour c\u00e9l\u00e9brer l\u2019arriv\u00e9e de l\u2019\u00e9t\u00e9, Anfa Park accueille deux \u00e9v\u00e9nements qui se tiennent du 21 au 30 juin courant \u00e0 Casablanca. Il s\u2019agit d\u2019\u00abAnfa Park en f\u00eate\u00bb et de \u00abVillage Casa Anfa\u00bb. C\u2019est, en effet, la f\u00eate tous les jours jusqu\u2019au 30 juin&nbsp;! Pour l\u2019occasion, Anfa Park accueille, entre autres, des artistes de renom \u00e0 &hellip;<\/p>\n","protected":false},"author":2,"featured_media":15809,"comment_status":"open","ping_status":"closed","sticky":false,"template":"","format":"standard","meta":{"footnotes":""},"categories":[455],"tags":[],"class_list":["post-15808","post","type-post","status-publish","format-standard","has-post-thumbnail","hentry","category-animation"],"_links":{"self":[{"href":"https:\/\/letempsmag.ma\/index.php?rest_route=\/wp\/v2\/posts\/15808","targetHints":{"allow":["GET"]}}],"collection":[{"href":"https:\/\/letempsmag.ma\/index.php?rest_route=\/wp\/v2\/posts"}],"about":[{"href":"https:\/\/letempsmag.ma\/index.php?rest_route=\/wp\/v2\/types\/post"}],"author":[{"embeddable":true,"href":"https:\/\/letempsmag.ma\/index.php?rest_route=\/wp\/v2\/users\/2"}],"replies":[{"embeddable":true,"href":"https:\/\/letempsmag.ma\/index.php?rest_route=%2Fwp%2Fv2%2Fcomments&post=15808"}],"version-history":[{"count":1,"href":"https:\/\/letempsmag.ma\/index.php?rest_route=\/wp\/v2\/posts\/15808\/revisions"}],"predecessor-version":[{"id":15810,"href":"https:\/\/letempsmag.ma\/index.php?rest_route=\/wp\/v2\/posts\/15808\/revisions\/15810"}],"wp:featuredmedia":[{"embeddable":true,"href":"https:\/\/letempsmag.ma\/index.php?rest_route=\/wp\/v2\/media\/15809"}],"wp:attachment":[{"href":"https:\/\/letempsmag.ma\/index.php?rest_route=%2Fwp%2Fv2%2Fmedia&parent=15808"}],"wp:term":[{"taxonomy":"category","embeddable":true,"href":"https:\/\/letempsmag.ma\/index.php?rest_route=%2Fwp%2Fv2%2Fcategories&post=15808"},{"taxonomy":"post_tag","embeddable":true,"href":"https:\/\/letempsmag.ma\/index.php?rest_route=%2Fwp%2Fv2%2Ftags&post=15808"}],"curies":[{"name":"wp","href":"https:\/\/api.w.org\/{rel}","templated":true}]}}