{"id":15785,"date":"2022-06-24T16:50:16","date_gmt":"2022-06-24T15:50:16","guid":{"rendered":"https:\/\/letempsmag.ma\/?p=15785"},"modified":"2022-06-24T16:50:20","modified_gmt":"2022-06-24T15:50:20","slug":"revelations-2022-retour-ce-soir-du-grand-fashion-show-de-college-lasalle-maroc","status":"publish","type":"post","link":"https:\/\/letempsmag.ma\/?p=15785","title":{"rendered":"\u00abR\u00e9v\u00e9lations 2022\u00bb\u00a0: retour, ce soir, du grand fashion show de Coll\u00e8ge LaSalle Maroc"},"content":{"rendered":"\n<p>Coll\u00e8ge LaSalle Maroc, membre du r\u00e9seau canadien LCI \u00c9ducation, organise ce vendredi 24 juin la 33\u00e8me \u00e9dition de son grand d\u00e9fil\u00e9 de mode \u00abR\u00e9v\u00e9lations\u00bb. Cette ann\u00e9e, l\u2019\u00e9v\u00e9nement est marqu\u00e9 par la c\u00e9l\u00e9bration du 60<sup>\u00e8me<\/sup> anniversaire des relations diplomatiques entre le Maroc et le Canada. Coll\u00e8ge LaSalle, r\u00e9f\u00e9rence de l\u2019\u00e9ducation canadienne et num\u00e9ro 1 de la mode au Maroc, ainsi ce soir \u00e0 20h, au Hyatt Regency Casablanca, la 33\u00e8me \u00e9dition de son c\u00e9l\u00e8bre grand d\u00e9fil\u00e9 qui d\u00e9voilera, comme \u00e0 l\u2019accoutum\u00e9e, les cr\u00e9ations artistiques des laur\u00e9ats de Coll\u00e8ge LaSalle en fili\u00e8re Design de Mode.<\/p>\n\n\n\n<p>Cette \u00e9dition 2022 sera exceptionnelle sur plusieurs plans. Coll\u00e8ge LaSalle c\u00e9l\u00e8brera, d\u2019une part, \u00e0 cette occasion le 60\u00e8me anniversaire des relations diplomatiques entre le Maroc et le Canada. La date du 24 juin co\u00efncide d\u2019ailleurs avec la journ\u00e9e de la f\u00eate nationale du Qu\u00e9bec. D\u2019autre part, apr\u00e8s plus de deux ann\u00e9es de pand\u00e9mie, de tr\u00e8s beaux tableaux artistiques issus de diverses th\u00e9matiques comme le \u00abPop Culturel\u00bb, \u00abL\u2019avant gardiste\u00bb, \u00able futuriste\u00bb, \u00able Glamour\u00bb et \u00able Traditionnel\u00bb seront pr\u00e9sent\u00e9s. Des cr\u00e9ations pour enfants sont \u00e9galement programm\u00e9es.<\/p>\n\n\n\n<p>\u00abLes futurs designers de mode de Coll\u00e8ge LaSalle ont choisi des cr\u00e9ations ultramodernes qui incarnent une magnifique richesse de styles et d\u2019inspirations, tout en c\u00e9l\u00e9brant la diff\u00e9rence et la diversit\u00e9, fer de lance d\u2019une jeune g\u00e9n\u00e9ration qui redessine avec talent les contours de la mode\u00bb d\u00e9clare Bouchra By, Directrice G\u00e9n\u00e9rale de Coll\u00e8ge LaSalle Maroc.<\/p>\n\n\n\n<p>Pens\u00e9 et lanc\u00e9 par Coll\u00e8ge LaSalle dans le respect des normes internationales, \u00abR\u00e9v\u00e9lations\u00bb est devenu, au fil de ses 33 ann\u00e9es d\u2019existence, un rendez-vous incontournable de la mode au Maroc en g\u00e9n\u00e9ral, et le rendez-vous de la mode dans le milieu estudiantin en particulier. L\u2019\u00e9v\u00e9nement se veut le lieu de rencontres et d\u2019\u00e9changes entre les cr\u00e9ateurs en herbe et leur public. C\u2019est \u00e9galement un moment d\u00e9di\u00e9 \u00e0 la c\u00e9l\u00e9bration des cr\u00e9ations des laur\u00e9ats de Coll\u00e8ge LaSalle et une opportunit\u00e9 de mettre en exergue leur potentiel artistique et cr\u00e9atif.<\/p>\n\n\n\n<p>\u00abR\u00e9v\u00e9lations\u00bb accueille chaque ann\u00e9e plusieurs centaines d\u2019invit\u00e9s incluant naturellement les familles des laur\u00e9ats venant encourager, non sans \u00e9motions, leurs enfants mais \u00e9galement des stylistes et des cr\u00e9ateurs de renomm\u00e9e, des artistes en tous genres, des leaders d\u2019opinion, etc.<\/p>\n\n\n\n<p>Le Pr\u00e9sident Directeur G\u00e9n\u00e9ral du r\u00e9seau canadien LCI \u00c9ducation, Claude Marchand, assistera en personne \u00e0 ce show exceptionnel. \u00abColl\u00e8ge LaSalle Maroc appartient au r\u00e9seau international canadien LCI \u00c9ducation qui compte aujourd\u2019hui 23 campus sur les 5 continents. La fili\u00e8re Mode en est l\u2019une des fili\u00e8res phares depuis 60 ans et a r\u00e9v\u00e9l\u00e9 des milliers de laur\u00e9ats talentueux \u00e0 travers le monde\u00bb, affirme Yasmine Benamour, Pr\u00e9sidente de LCI \u00c9ducation Afrique.<\/p>\n\n\n\n<p>Pr\u00e9cisons que Coll\u00e8ge LaSalle Maroc compte 4 campus \u00e0 travers le Royaume&nbsp;: Casablanca, Rabat, Marrakech et Tanger. Plusieurs formations y sont dispens\u00e9es&nbsp;: design de mode, design d\u2019int\u00e9rieur, arts num\u00e9riques, arts culinaires, h\u00f4tellerie, gestion, commerce\u2026<\/p>\n","protected":false},"excerpt":{"rendered":"<p>Coll\u00e8ge LaSalle Maroc, membre du r\u00e9seau canadien LCI \u00c9ducation, organise ce vendredi 24 juin la 33\u00e8me \u00e9dition de son grand d\u00e9fil\u00e9 de mode \u00abR\u00e9v\u00e9lations\u00bb. Cette ann\u00e9e, l\u2019\u00e9v\u00e9nement est marqu\u00e9 par la c\u00e9l\u00e9bration du 60\u00e8me anniversaire des relations diplomatiques entre le Maroc et le Canada. Coll\u00e8ge LaSalle, r\u00e9f\u00e9rence de l\u2019\u00e9ducation canadienne et num\u00e9ro 1 de la &hellip;<\/p>\n","protected":false},"author":2,"featured_media":15786,"comment_status":"open","ping_status":"closed","sticky":false,"template":"","format":"standard","meta":{"footnotes":""},"categories":[760],"tags":[],"class_list":["post-15785","post","type-post","status-publish","format-standard","has-post-thumbnail","hentry","category-mode"],"_links":{"self":[{"href":"https:\/\/letempsmag.ma\/index.php?rest_route=\/wp\/v2\/posts\/15785","targetHints":{"allow":["GET"]}}],"collection":[{"href":"https:\/\/letempsmag.ma\/index.php?rest_route=\/wp\/v2\/posts"}],"about":[{"href":"https:\/\/letempsmag.ma\/index.php?rest_route=\/wp\/v2\/types\/post"}],"author":[{"embeddable":true,"href":"https:\/\/letempsmag.ma\/index.php?rest_route=\/wp\/v2\/users\/2"}],"replies":[{"embeddable":true,"href":"https:\/\/letempsmag.ma\/index.php?rest_route=%2Fwp%2Fv2%2Fcomments&post=15785"}],"version-history":[{"count":1,"href":"https:\/\/letempsmag.ma\/index.php?rest_route=\/wp\/v2\/posts\/15785\/revisions"}],"predecessor-version":[{"id":15787,"href":"https:\/\/letempsmag.ma\/index.php?rest_route=\/wp\/v2\/posts\/15785\/revisions\/15787"}],"wp:featuredmedia":[{"embeddable":true,"href":"https:\/\/letempsmag.ma\/index.php?rest_route=\/wp\/v2\/media\/15786"}],"wp:attachment":[{"href":"https:\/\/letempsmag.ma\/index.php?rest_route=%2Fwp%2Fv2%2Fmedia&parent=15785"}],"wp:term":[{"taxonomy":"category","embeddable":true,"href":"https:\/\/letempsmag.ma\/index.php?rest_route=%2Fwp%2Fv2%2Fcategories&post=15785"},{"taxonomy":"post_tag","embeddable":true,"href":"https:\/\/letempsmag.ma\/index.php?rest_route=%2Fwp%2Fv2%2Ftags&post=15785"}],"curies":[{"name":"wp","href":"https:\/\/api.w.org\/{rel}","templated":true}]}}