{"id":15714,"date":"2022-06-20T15:53:42","date_gmt":"2022-06-20T14:53:42","guid":{"rendered":"https:\/\/letempsmag.ma\/?p=15714"},"modified":"2022-06-20T15:53:45","modified_gmt":"2022-06-20T14:53:45","slug":"redynamisation-du-comite-de-lenvironnement-des-affaires-de-la-region-marrakech-safi","status":"publish","type":"post","link":"https:\/\/letempsmag.ma\/?p=15714","title":{"rendered":"Redynamisation du Comit\u00e9 de l\u2019Environnement des Affaires de la r\u00e9gion Marrakech-Safi"},"content":{"rendered":"\n<p>Le Centre R\u00e9gional d\u2019Investissement Marrakech-Safi (CRI) organise le 23 juin prochain \u00e0 Marrakech une journ\u00e9e de redynamisation du Comit\u00e9 R\u00e9gional de l\u2019Environnement des Affaires de la R\u00e9gion Marrakech-Safi (CREA-MS). L\u2019\u00e9v\u00e9nement sera organis\u00e9 sous la pr\u00e9sidence du Wali de la R\u00e9gion Marrakech-Safi, en partenariat avec la Soci\u00e9t\u00e9 Financi\u00e8re Internationale, membre du groupe Banque Mondiale, et avec le soutien du Secr\u00e9tariat d&#8217;\u00c9tat \u00e0 l&#8217;\u00c9conomie de la Conf\u00e9d\u00e9ration Suisse (SECO).<\/p>\n\n\n\n<p>L\u2019\u00e9v\u00e9nement a pour objectif d\u2019insuffler une dynamique r\u00e9gionale aux r\u00e9formes visant l\u2019am\u00e9lioration du climat des affaires par le biais d&#8217;un dialogue public-priv\u00e9 r\u00e9gulier, capable d\u2019identifier et de mettre en place les mesures n\u00e9cessaires pour la promotion et la r\u00e9tention de l\u2019investissement, la p\u00e9rennisation de l\u2019activit\u00e9 et des emplois, et l\u2019attractivit\u00e9 et la comp\u00e9titivit\u00e9 de la r\u00e9gion Marrakech-Safi.<\/p>\n\n\n\n<p>Bas\u00e9s sur un mod\u00e8le d\u2019intelligence territoriale impliquant l\u2019ensemble des parties prenantes, des ateliers viendront renforcer les travaux ant\u00e9rieurs du CREA-MS et permettront de d\u00e9battre des actions prioritaires \u00e0 engager ainsi que de r\u00e9fl\u00e9chir \u00e0 des propositions pour d\u00e9passer les contraintes socio-\u00e9conomiques et relever ainsi les d\u00e9fis li\u00e9s \u00e0 quatre th\u00e9matiques centrales retenues lors des r\u00e9unions du Comit\u00e9 Technique de Pr\u00e9paration et de Suivi&nbsp;:<\/p>\n\n\n\n<p>&#8211; Le foncier, l\u2019urbanisme, les infrastructures et la mobilit\u00e9.<\/p>\n\n\n\n<p>&#8211; Le financement, la fiscalit\u00e9, la tr\u00e9sorerie et les d\u00e9lais de paiement.<\/p>\n\n\n\n<p>&#8211; La formation, l\u2019apprentissage et la dynamique entrepreneuriale.<\/p>\n\n\n\n<p>&#8211; Les normes, certifications et mises sur le march\u00e9.<\/p>\n\n\n\n<p>Rappelons que le CRI Marrakech-Safi, \u00e9tablissement public r\u00e9gi par la loi \u00ab47-18\u00bb portant r\u00e9forme des Centres R\u00e9gionaux d\u2019Investissement et la cr\u00e9ation des Commissions R\u00e9gionales Unifi\u00e9es d\u2019Investissement (CRUI), est charg\u00e9 de contribuer \u00e0 la mise en \u0153uvre de la politique de l&#8217;\u00c9tat en mati\u00e8re de d\u00e9veloppement, d&#8217;incitation, de promotion et d&#8217;attraction des investissements \u00e0 l&#8217;\u00e9chelon r\u00e9gional et d&#8217;accompagnement global des entreprises, notamment les TPME.<\/p>\n\n\n\n<p><strong>M. E.<\/strong><\/p>\n","protected":false},"excerpt":{"rendered":"<p>Le Centre R\u00e9gional d\u2019Investissement Marrakech-Safi (CRI) organise le 23 juin prochain \u00e0 Marrakech une journ\u00e9e de redynamisation du Comit\u00e9 R\u00e9gional de l\u2019Environnement des Affaires de la R\u00e9gion Marrakech-Safi (CREA-MS). L\u2019\u00e9v\u00e9nement sera organis\u00e9 sous la pr\u00e9sidence du Wali de la R\u00e9gion Marrakech-Safi, en partenariat avec la Soci\u00e9t\u00e9 Financi\u00e8re Internationale, membre du groupe Banque Mondiale, et avec &hellip;<\/p>\n","protected":false},"author":2,"featured_media":15715,"comment_status":"open","ping_status":"closed","sticky":false,"template":"","format":"standard","meta":{"footnotes":""},"categories":[158],"tags":[],"class_list":["post-15714","post","type-post","status-publish","format-standard","has-post-thumbnail","hentry","category-business"],"_links":{"self":[{"href":"https:\/\/letempsmag.ma\/index.php?rest_route=\/wp\/v2\/posts\/15714","targetHints":{"allow":["GET"]}}],"collection":[{"href":"https:\/\/letempsmag.ma\/index.php?rest_route=\/wp\/v2\/posts"}],"about":[{"href":"https:\/\/letempsmag.ma\/index.php?rest_route=\/wp\/v2\/types\/post"}],"author":[{"embeddable":true,"href":"https:\/\/letempsmag.ma\/index.php?rest_route=\/wp\/v2\/users\/2"}],"replies":[{"embeddable":true,"href":"https:\/\/letempsmag.ma\/index.php?rest_route=%2Fwp%2Fv2%2Fcomments&post=15714"}],"version-history":[{"count":1,"href":"https:\/\/letempsmag.ma\/index.php?rest_route=\/wp\/v2\/posts\/15714\/revisions"}],"predecessor-version":[{"id":15716,"href":"https:\/\/letempsmag.ma\/index.php?rest_route=\/wp\/v2\/posts\/15714\/revisions\/15716"}],"wp:featuredmedia":[{"embeddable":true,"href":"https:\/\/letempsmag.ma\/index.php?rest_route=\/wp\/v2\/media\/15715"}],"wp:attachment":[{"href":"https:\/\/letempsmag.ma\/index.php?rest_route=%2Fwp%2Fv2%2Fmedia&parent=15714"}],"wp:term":[{"taxonomy":"category","embeddable":true,"href":"https:\/\/letempsmag.ma\/index.php?rest_route=%2Fwp%2Fv2%2Fcategories&post=15714"},{"taxonomy":"post_tag","embeddable":true,"href":"https:\/\/letempsmag.ma\/index.php?rest_route=%2Fwp%2Fv2%2Ftags&post=15714"}],"curies":[{"name":"wp","href":"https:\/\/api.w.org\/{rel}","templated":true}]}}