{"id":1529,"date":"2021-03-23T08:22:21","date_gmt":"2021-03-23T08:22:21","guid":{"rendered":"https:\/\/letempsmag.ma\/?p=1529"},"modified":"2021-03-23T08:22:22","modified_gmt":"2021-03-23T08:22:22","slug":"hydrogene-vert-le-maroc-se-dote-dun-cluster-green-h2","status":"publish","type":"post","link":"https:\/\/letempsmag.ma\/?p=1529","title":{"rendered":"Hydrog\u00e8ne vert : le Maroc se dote d\u2019un \u00abCluster Green H2\u00bb"},"content":{"rendered":"\n<p>L\u2019Assembl\u00e9e g\u00e9n\u00e9rale constitutive du \u00abCluster Green H2\u00bb s\u2019est \u00e9 tenue jeudi dernier \u00e0 Rabat, pour examiner les moyens de promouvoir la recherche appliqu\u00e9e, l\u2019innovation et l\u2019industrie dans le domaine de l\u2019hydrog\u00e8ne. S\u2019inscrivant dans le cadre de la poursuite de la mise en \u0153uvre des hautes orientations Royales visant \u00e0 faire du Maroc un pays pionnier en mati\u00e8re de transition \u00e9nerg\u00e9tique, le groupement \u00abCluster Green H2\u00bb a pour objectif de contribuer \u00e0 l\u2019\u00e9mergence d\u2019une fili\u00e8re de l\u2019hydrog\u00e8ne vert comp\u00e9titive et de positionner le Royaume comme hub r\u00e9gional leader dans l\u2019export de cette mati\u00e8re et de ses d\u00e9riv\u00e9s.<\/p>\n\n\n\n<p>L\u2019Assembl\u00e9e g\u00e9n\u00e9rale constitutive a \u00e9t\u00e9 marqu\u00e9e par la pr\u00e9sence du Ministre de l\u2019\u00c9nergie, des Mines et de l\u2019Environnement, Aziz Rabbah, du Directeur G\u00e9n\u00e9ral de l\u2019Institut de Recherche en \u00c9nergie Solaire et \u00c9nergies Nouvelles (IRESEN), Badr Ikken, de la Directrice g\u00e9n\u00e9rale de l\u2019Office National des Hydrocarbures et des Mines (ONHYM), Amina Benkhadra, ainsi qu\u2019un ensemble de repr\u00e9sentants de D\u00e9partements minist\u00e9riels et d\u2019acteurs industriels dans le domaine des \u00e9nergies renouvelables.<\/p>\n\n\n\n<p>Le groupement pour ambition entre autres de f\u00e9d\u00e9rer l\u2019\u00e9cosyst\u00e8me national autour d\u2019objectifs communs et de co-construire un cadre r\u00e9glementaire incitatif et \u00e9quitable en faveur du d\u00e9veloppement de cette fili\u00e8re \u00e9nerg\u00e9tique propre. D\u00e9di\u00e9 \u00e0 l\u2019innovation et \u00e0 la valorisation industrielle de l\u2019hydrog\u00e8ne, notamment en s\u2019appuyant sur les infrastructures de l\u2019IRESEN d\u00e9velopp\u00e9es en partenariat avec l\u2019Universit\u00e9 Mohammed VI Polytechnique, le \u00abCluster Green H2\u00bb a \u00e9galement pour vocation d\u2019encourager le transfert de savoir-faire \u00e0 travers des projets collaboratifs regroupant industriels et chercheurs du Maroc et de l\u2019\u00e9tranger. \u00c0 cet \u00e9gard, le groupement s\u2019assigne pour mission de favoriser le transfert de technologie et l\u2019int\u00e9gration industrielle au sein de la fili\u00e8re de l\u2019hydrog\u00e8ne, de renforcer les capacit\u00e9s des acteurs locaux dans la production, l\u2019exploitation et la valorisation de la mol\u00e9cule verte, de stimuler l\u2019innovation collaborative ainsi que de promouvoir l\u2019hydrog\u00e8ne marocain \u00e0 l\u2019\u00e9chelle r\u00e9gionale et internationale.<\/p>\n\n\n\n<p>Outre certaines Universit\u00e9s marocaines publiques et priv\u00e9es et un ensemble d\u2019entreprises \u0153uvrant dans le secteur de l\u2019\u00e9nergie, les principaux membres fondateurs de ce cluster sont le minist\u00e8re de l\u2019\u00c9nergie, des Mines et de l\u2019Environnement, le minist\u00e8re de l\u2019Industrie, du Commerce, et de l\u2019\u00c9conomie verte et num\u00e9rique, le groupe OCP, l\u2019ONHYM, l\u2019IRESEN, l\u2019Agence Marocaine de l\u2019\u00c9nergie Durable (MASEN), l\u2019Agence Marocaine de l\u2019Efficacit\u00e9 \u00c9nerg\u00e9tique (AMEE) et l\u2019Office National de l\u2019Eau potable et de l\u2019\u00c9lectricit\u00e9 (ONEE).<\/p>\n\n\n\n<p>Rappelons, au passage, que l\u2019Universit\u00e9 Mohammed VI Polytechnique, port\u00e9e par le groupe OCP, lancera en avril prochain le \u00abProgramme Professionnel en Cybers\u00e9curit\u00e9\u00bb, en partenariat avec EC-Council University, premi\u00e8re institution d\u2019enseignement sup\u00e9rieur am\u00e9ricaine sp\u00e9cialis\u00e9e dans les technologies de la cyber-s\u00e9curit\u00e9. Bas\u00e9 sur un mod\u00e8le d\u2019apprentissage align\u00e9 au meilleur standard du domaine, le programme vise \u00e0 doter les participants de la connaissance et du savoir-faire de pointe dans le domaine de la cybers\u00e9curit\u00e9.<\/p>\n\n\n\n<p><strong>A. A.<\/strong><\/p>\n","protected":false},"excerpt":{"rendered":"<p>L\u2019Assembl\u00e9e g\u00e9n\u00e9rale constitutive du \u00abCluster Green H2\u00bb s\u2019est \u00e9 tenue jeudi dernier \u00e0 Rabat, pour examiner les moyens de promouvoir la recherche appliqu\u00e9e, l\u2019innovation et l\u2019industrie dans le domaine de l\u2019hydrog\u00e8ne. S\u2019inscrivant dans le cadre de la poursuite de la mise en \u0153uvre des hautes orientations Royales visant \u00e0 faire du Maroc un pays pionnier &hellip;<\/p>\n","protected":false},"author":9,"featured_media":1534,"comment_status":"open","ping_status":"closed","sticky":false,"template":"","format":"standard","meta":{"footnotes":""},"categories":[78],"tags":[],"class_list":["post-1529","post","type-post","status-publish","format-standard","has-post-thumbnail","hentry","category-energie"],"_links":{"self":[{"href":"https:\/\/letempsmag.ma\/index.php?rest_route=\/wp\/v2\/posts\/1529","targetHints":{"allow":["GET"]}}],"collection":[{"href":"https:\/\/letempsmag.ma\/index.php?rest_route=\/wp\/v2\/posts"}],"about":[{"href":"https:\/\/letempsmag.ma\/index.php?rest_route=\/wp\/v2\/types\/post"}],"author":[{"embeddable":true,"href":"https:\/\/letempsmag.ma\/index.php?rest_route=\/wp\/v2\/users\/9"}],"replies":[{"embeddable":true,"href":"https:\/\/letempsmag.ma\/index.php?rest_route=%2Fwp%2Fv2%2Fcomments&post=1529"}],"version-history":[{"count":1,"href":"https:\/\/letempsmag.ma\/index.php?rest_route=\/wp\/v2\/posts\/1529\/revisions"}],"predecessor-version":[{"id":1535,"href":"https:\/\/letempsmag.ma\/index.php?rest_route=\/wp\/v2\/posts\/1529\/revisions\/1535"}],"wp:featuredmedia":[{"embeddable":true,"href":"https:\/\/letempsmag.ma\/index.php?rest_route=\/wp\/v2\/media\/1534"}],"wp:attachment":[{"href":"https:\/\/letempsmag.ma\/index.php?rest_route=%2Fwp%2Fv2%2Fmedia&parent=1529"}],"wp:term":[{"taxonomy":"category","embeddable":true,"href":"https:\/\/letempsmag.ma\/index.php?rest_route=%2Fwp%2Fv2%2Fcategories&post=1529"},{"taxonomy":"post_tag","embeddable":true,"href":"https:\/\/letempsmag.ma\/index.php?rest_route=%2Fwp%2Fv2%2Ftags&post=1529"}],"curies":[{"name":"wp","href":"https:\/\/api.w.org\/{rel}","templated":true}]}}