{"id":1528,"date":"2021-03-23T08:21:08","date_gmt":"2021-03-23T08:21:08","guid":{"rendered":"https:\/\/letempsmag.ma\/?p=1528"},"modified":"2021-03-23T08:21:09","modified_gmt":"2021-03-23T08:21:09","slug":"generation-green-2020-2030-le-credit-agricole-communique-sur-le-financement","status":"publish","type":"post","link":"https:\/\/letempsmag.ma\/?p=1528","title":{"rendered":"\u00abG\u00e9n\u00e9ration Green 2020-2030\u00bb : le Cr\u00e9dit Agricole communique sur le financement"},"content":{"rendered":"\n<p>Le Cr\u00e9dit Agricole du Maroc organise aujourd\u2019hui \u00e0 Rabat un symposium d\u00e9di\u00e9 au financement de l\u2019agriculture nationale. L\u2019\u00e9v\u00e9nement, qui r\u00e9unira les principaux op\u00e9rateurs du secteur, avec la participation du D\u00e9partement minist\u00e9riel de l&#8217;Agriculture, est l\u2019occasion pour les participants de se pencher, de mani\u00e8re transversale, sur le financement de l\u2019agriculture nationale dans le cadre de la strat\u00e9gie \u00abG\u00e9n\u00e9ration Green 2020-2030\u00bb.<\/p>\n\n\n\n<p>Depuis novembre 2020, la banque verte a organis\u00e9 un cycle de rencontres avec les 17 f\u00e9d\u00e9rations interprofessionnelles agricoles. Une d\u00e9marche qui a permis la signature de plusieurs protocoles d&#8217;accompagnement. Ces accords, d\u00e9j\u00e0 finalis\u00e9s, vont \u00eatre officiellement pr\u00e9sent\u00e9s lors de la manifestation d\u2019aujourd\u2019hui.<\/p>\n\n\n\n<p>Rappelons que le Cr\u00e9dit Agricole se mobilise fortement dans le cadre du Plan Maroc Vert. R\u00e9sultat&nbsp;: les r\u00e9alisations ont largement d\u00e9pass\u00e9 les engagements initiaux, passant presque du simple au double.<\/p>\n\n\n\n<p>Dans le m\u00eame esprit de mobilisation en faveur des op\u00e9rateurs et des fili\u00e8res agricoles, la banque a d\u00e9velopp\u00e9 des offres sp\u00e9cifiques d\u00e9di\u00e9es \u00e0 la valorisation des terres collectives agricoles et \u00e0 la promotion de l\u2019entrepreneuriat des jeunes en milieu rural, conjointement avec le minist\u00e8re de l\u2019Agriculture, de la P\u00eache maritime, du D\u00e9veloppement rural et des Eaux et For\u00eats.<\/p>\n\n\n\n<p><strong>L. F.<\/strong><\/p>\n","protected":false},"excerpt":{"rendered":"<p>Le Cr\u00e9dit Agricole du Maroc organise aujourd\u2019hui \u00e0 Rabat un symposium d\u00e9di\u00e9 au financement de l\u2019agriculture nationale. L\u2019\u00e9v\u00e9nement, qui r\u00e9unira les principaux op\u00e9rateurs du secteur, avec la participation du D\u00e9partement minist\u00e9riel de l&#8217;Agriculture, est l\u2019occasion pour les participants de se pencher, de mani\u00e8re transversale, sur le financement de l\u2019agriculture nationale dans le cadre de la &hellip;<\/p>\n","protected":false},"author":9,"featured_media":1531,"comment_status":"open","ping_status":"closed","sticky":false,"template":"","format":"standard","meta":{"footnotes":""},"categories":[77],"tags":[],"class_list":["post-1528","post","type-post","status-publish","format-standard","has-post-thumbnail","hentry","category-economie-verte"],"_links":{"self":[{"href":"https:\/\/letempsmag.ma\/index.php?rest_route=\/wp\/v2\/posts\/1528","targetHints":{"allow":["GET"]}}],"collection":[{"href":"https:\/\/letempsmag.ma\/index.php?rest_route=\/wp\/v2\/posts"}],"about":[{"href":"https:\/\/letempsmag.ma\/index.php?rest_route=\/wp\/v2\/types\/post"}],"author":[{"embeddable":true,"href":"https:\/\/letempsmag.ma\/index.php?rest_route=\/wp\/v2\/users\/9"}],"replies":[{"embeddable":true,"href":"https:\/\/letempsmag.ma\/index.php?rest_route=%2Fwp%2Fv2%2Fcomments&post=1528"}],"version-history":[{"count":1,"href":"https:\/\/letempsmag.ma\/index.php?rest_route=\/wp\/v2\/posts\/1528\/revisions"}],"predecessor-version":[{"id":1532,"href":"https:\/\/letempsmag.ma\/index.php?rest_route=\/wp\/v2\/posts\/1528\/revisions\/1532"}],"wp:featuredmedia":[{"embeddable":true,"href":"https:\/\/letempsmag.ma\/index.php?rest_route=\/wp\/v2\/media\/1531"}],"wp:attachment":[{"href":"https:\/\/letempsmag.ma\/index.php?rest_route=%2Fwp%2Fv2%2Fmedia&parent=1528"}],"wp:term":[{"taxonomy":"category","embeddable":true,"href":"https:\/\/letempsmag.ma\/index.php?rest_route=%2Fwp%2Fv2%2Fcategories&post=1528"},{"taxonomy":"post_tag","embeddable":true,"href":"https:\/\/letempsmag.ma\/index.php?rest_route=%2Fwp%2Fv2%2Ftags&post=1528"}],"curies":[{"name":"wp","href":"https:\/\/api.w.org\/{rel}","templated":true}]}}