{"id":15065,"date":"2022-05-23T10:33:44","date_gmt":"2022-05-23T09:33:44","guid":{"rendered":"https:\/\/letempsmag.ma\/?p=15065"},"modified":"2022-05-23T10:33:47","modified_gmt":"2022-05-23T09:33:47","slug":"la-marocaine-khadija-el-mardi-sacree-a-istanbul-vice-championne-du-monde","status":"publish","type":"post","link":"https:\/\/letempsmag.ma\/?p=15065","title":{"rendered":"La Marocaine Khadija El Mardi sacr\u00e9e \u00e0 Istanbul vice-championne du monde\u00a0!"},"content":{"rendered":"\n<p>La pugiliste marocaine Khadija El Mardi a remport\u00e9 la m\u00e9daille d&#8217;argent dans la cat\u00e9gorie des poids lourds (plus de 81 kg) aux championnats du monde de boxe, qui se sont achev\u00e9s vendredi dernier \u00e0 Istanbul, apr\u00e8s sa d\u00e9faite face \u00e0 la Turque Demir Sennur. Elle a r\u00e9alis\u00e9 un exploit in\u00e9dit en devenant la premi\u00e8re athl\u00e8te marocaine \u00e0 acc\u00e9der \u00e0 une finale aux mondiaux de boxe, offrant ainsi au Maroc sa premi\u00e8re m\u00e9daille d&#8217;argent.<\/p>\n\n\n\n<p>Dans un combat tr\u00e8s \u00e9quilibr\u00e9, Khadija El Mardi a r\u00e9ussi \u00e0 remporter le premier round avant que la Turque ne revienne dans le combat en terminant sur le score de 4 \u00e0 1. Le combat s\u2019est disput\u00e9 dans la salle Basaksehir en pr\u00e9sence d\u2019un grand nombre de membres de la communaut\u00e9 marocaine install\u00e9e en Turquie ainsi que de l&#8217;ambassadeur du Maroc \u00e0 Ankara, Mohamed Ali Lazrak, et le Consul g\u00e9n\u00e9ral du Royaume \u00e0 Istanbul, El Mehdi Rami, en plus d\u2019un grand nombre d&#8217;\u00e9tudiants, d&#8217;influenceurs et de touristes marocains.<\/p>\n\n\n\n<p>Dans une d\u00e9claration \u00e0 la MAP, la championne marocaine s\u2019est f\u00e9licit\u00e9e de ce sacre, qu&#8217;elle a d\u00e9di\u00e9 \u00e0 S.M. le Roi Mohammed VI et \u00e0 la famille de la boxe nationale pour l\u2019appui, le soutien et l&#8217;encadrement qui lui ont \u00e9t\u00e9 assur\u00e9s afin de r\u00e9aliser de tels exploits sportifs. Elle a \u00e9galement fait part de sa fiert\u00e9 pour ce r\u00e9sultat, \u00e9tant la premi\u00e8re boxeuse marocaine \u00e0 se qualifier \u00e0 une finale d\u2019un championnat mondial, tout en exprimant ses remerciements aux membres de la communaut\u00e9 marocaine pour leur soutien et leurs encouragements tout au long des diff\u00e9rentes phases de ce tournoi. La pugiliste marocaine a promis d&#8217;offrir aux Marocains une m\u00e9daille lors des prochains Jeux Olympiques. L&#8217;encadrement de l&#8217;\u00e9quipe nationale de boxe est assur\u00e9 par les entraineurs nationaux Abdelhak Achik et Youssef Sourour.<\/p>\n","protected":false},"excerpt":{"rendered":"<p>La pugiliste marocaine Khadija El Mardi a remport\u00e9 la m\u00e9daille d&#8217;argent dans la cat\u00e9gorie des poids lourds (plus de 81 kg) aux championnats du monde de boxe, qui se sont achev\u00e9s vendredi dernier \u00e0 Istanbul, apr\u00e8s sa d\u00e9faite face \u00e0 la Turque Demir Sennur. Elle a r\u00e9alis\u00e9 un exploit in\u00e9dit en devenant la premi\u00e8re athl\u00e8te &hellip;<\/p>\n","protected":false},"author":2,"featured_media":15066,"comment_status":"open","ping_status":"closed","sticky":false,"template":"","format":"standard","meta":{"footnotes":""},"categories":[720],"tags":[],"class_list":["post-15065","post","type-post","status-publish","format-standard","has-post-thumbnail","hentry","category-mondiaux-de-la-boxe"],"_links":{"self":[{"href":"https:\/\/letempsmag.ma\/index.php?rest_route=\/wp\/v2\/posts\/15065","targetHints":{"allow":["GET"]}}],"collection":[{"href":"https:\/\/letempsmag.ma\/index.php?rest_route=\/wp\/v2\/posts"}],"about":[{"href":"https:\/\/letempsmag.ma\/index.php?rest_route=\/wp\/v2\/types\/post"}],"author":[{"embeddable":true,"href":"https:\/\/letempsmag.ma\/index.php?rest_route=\/wp\/v2\/users\/2"}],"replies":[{"embeddable":true,"href":"https:\/\/letempsmag.ma\/index.php?rest_route=%2Fwp%2Fv2%2Fcomments&post=15065"}],"version-history":[{"count":1,"href":"https:\/\/letempsmag.ma\/index.php?rest_route=\/wp\/v2\/posts\/15065\/revisions"}],"predecessor-version":[{"id":15067,"href":"https:\/\/letempsmag.ma\/index.php?rest_route=\/wp\/v2\/posts\/15065\/revisions\/15067"}],"wp:featuredmedia":[{"embeddable":true,"href":"https:\/\/letempsmag.ma\/index.php?rest_route=\/wp\/v2\/media\/15066"}],"wp:attachment":[{"href":"https:\/\/letempsmag.ma\/index.php?rest_route=%2Fwp%2Fv2%2Fmedia&parent=15065"}],"wp:term":[{"taxonomy":"category","embeddable":true,"href":"https:\/\/letempsmag.ma\/index.php?rest_route=%2Fwp%2Fv2%2Fcategories&post=15065"},{"taxonomy":"post_tag","embeddable":true,"href":"https:\/\/letempsmag.ma\/index.php?rest_route=%2Fwp%2Fv2%2Ftags&post=15065"}],"curies":[{"name":"wp","href":"https:\/\/api.w.org\/{rel}","templated":true}]}}