{"id":15052,"date":"2022-05-23T10:30:16","date_gmt":"2022-05-23T09:30:16","guid":{"rendered":"https:\/\/letempsmag.ma\/?p=15052"},"modified":"2022-05-23T10:30:18","modified_gmt":"2022-05-23T09:30:18","slug":"le-festival-du-cinema-mediterraneen-de-tetouan-est-de-retour","status":"publish","type":"post","link":"https:\/\/letempsmag.ma\/?p=15052","title":{"rendered":"Le Festival du Cin\u00e9ma M\u00e9diterran\u00e9en de T\u00e9touan est de retour"},"content":{"rendered":"\n<p>Sous le Haut patronage de S.M. le Roi Mohammed VI, la ville de T\u00e9touan accueillera du 10 au 17 juin prochain la 27<sup>\u00e8me<\/sup> \u00e9dition du Festival du Cin\u00e9ma M\u00e9diterran\u00e9en. Des vedettes du 7<sup>\u00e8me<\/sup> Art international, arabes et marocaines, seront pr\u00e9sentes lors de cette \u00e9dition. Le Festival revient sur le devant de la sc\u00e8ne apr\u00e8s une \u00e9dition virtuelle en raison de la pand\u00e9mie du \u00abCovid-19\u00bb, les salles de cin\u00e9ma ayant \u00e9t\u00e9 ferm\u00e9es et les festivals annul\u00e9s ou report\u00e9s.<\/p>\n\n\n\n<p>La Fondation du Festival pr\u00e9cise dans un communiqu\u00e9 que \u00abLe Festival de T\u00e9touan rel\u00e8ve un grand d\u00e9fi culturel en cette conjoncture mondiale in\u00e9dite, en annon\u00e7ant la reprise et la poursuite de son projet d\u2019envergure, d\u00e9di\u00e9 au cin\u00e9ma m\u00e9diterran\u00e9en depuis le printemps 1985\u00bb.<\/p>\n\n\n\n<p>Le jury du long-m\u00e9trage fiction sera pr\u00e9sid\u00e9 par le r\u00e9alisateur ivoirien Jacques Trabi, qui ne cesse d\u2019innover depuis son premier film \u00ab\u00c0 ma m\u00e8re\u00bb qui avait remport\u00e9 le Prix du meilleur film au festival \u00abFespaco\u00bb en 1997. Le jury sera \u00e9galement compos\u00e9 de la r\u00e9alisatrice et actrice espagnole Mabel Lozano, le romancier et critique de cin\u00e9ma marocain Mohamed Laroussi et l\u2019artiste-peintre marocain Mohamed El Baz. Quant au jury de la critique, qui porte le nom du critique marocain feu Mustafa El Mesnaoui, il sera compos\u00e9 de la chercheuse et sc\u00e9nariste marocaine Laila Charadi, sp\u00e9cialiste du cin\u00e9ma maghr\u00e9bin, et l&#8217;\u00e9crivain et critique marocain Adel Sammar, qui a fait des \u00e9tudes approfondies sur le cin\u00e9ma marocain et est Directeur de la plateforme num\u00e9rique \u00abFounun Maroc\u00bb&nbsp;? Dans ce jury \u00e9galement, le Vice-Pr\u00e9sident de l&#8217;Association des Sc\u00e9naristes d&#8217;Andalousie, Miguel Angel Parra. C\u2019est l&#8217;\u00e9crivaine et critique \u00e9gyptienne Amal El Gamal qui pr\u00e9sidera ce jury. Elle est sc\u00e9nariste de plusieurs films et a fait de nombreuses \u00e9tudes sur le cin\u00e9ma, dont \u00abAvec les yeux d&#8217;une femme\u00bb, \u00abJoint Arab Cinema\u00bb et \u00abCinema Cross Genre\u00bb. La r\u00e9alisatrice fran\u00e7aise Fanny Aubert Malaurie, consultante en cin\u00e9ma et nouveaux m\u00e9dias \u00e0 l&#8217;Institut Culturel de Paris, la critique marocaine Nadia Miftah, membre de la World Cinema Support Foundation, ainsi que le cin\u00e9aste tunisien Fathi Kharrat, qui a occup\u00e9 les postes de Directeur G\u00e9n\u00e9ral de l&#8217;Audiovisuel au minist\u00e8re de la Culture tunisien et de Directeur du festival du Film de Carthage, sont les membres du jury de la Comp\u00e9tition Film Documentaire, qui sera pr\u00e9sid\u00e9 par la r\u00e9alisatrice fran\u00e7aise Marion Stalens, connue pour ses documentaires sur la condition f\u00e9minine et la libert\u00e9 d&#8217;expression.<\/p>\n\n\n\n<p>Pour les s\u00e9ances de projections, trois lieux ont \u00e9t\u00e9 retenus&nbsp;: la salle de cin\u00e9ma Avenida, la salle de l\u2019Institut Fran\u00e7ais de T\u00e9touan et le Th\u00e9\u00e2tre Cin\u00e9ma Espagnol.<\/p>\n\n\n\n<p><strong>L. F.<\/strong><\/p>\n","protected":false},"excerpt":{"rendered":"<p>Sous le Haut patronage de S.M. le Roi Mohammed VI, la ville de T\u00e9touan accueillera du 10 au 17 juin prochain la 27\u00e8me \u00e9dition du Festival du Cin\u00e9ma M\u00e9diterran\u00e9en. Des vedettes du 7\u00e8me Art international, arabes et marocaines, seront pr\u00e9sentes lors de cette \u00e9dition. Le Festival revient sur le devant de la sc\u00e8ne apr\u00e8s une &hellip;<\/p>\n","protected":false},"author":2,"featured_media":15053,"comment_status":"open","ping_status":"closed","sticky":false,"template":"","format":"standard","meta":{"footnotes":""},"categories":[51],"tags":[],"class_list":["post-15052","post","type-post","status-publish","format-standard","has-post-thumbnail","hentry","category-culture"],"_links":{"self":[{"href":"https:\/\/letempsmag.ma\/index.php?rest_route=\/wp\/v2\/posts\/15052","targetHints":{"allow":["GET"]}}],"collection":[{"href":"https:\/\/letempsmag.ma\/index.php?rest_route=\/wp\/v2\/posts"}],"about":[{"href":"https:\/\/letempsmag.ma\/index.php?rest_route=\/wp\/v2\/types\/post"}],"author":[{"embeddable":true,"href":"https:\/\/letempsmag.ma\/index.php?rest_route=\/wp\/v2\/users\/2"}],"replies":[{"embeddable":true,"href":"https:\/\/letempsmag.ma\/index.php?rest_route=%2Fwp%2Fv2%2Fcomments&post=15052"}],"version-history":[{"count":1,"href":"https:\/\/letempsmag.ma\/index.php?rest_route=\/wp\/v2\/posts\/15052\/revisions"}],"predecessor-version":[{"id":15054,"href":"https:\/\/letempsmag.ma\/index.php?rest_route=\/wp\/v2\/posts\/15052\/revisions\/15054"}],"wp:featuredmedia":[{"embeddable":true,"href":"https:\/\/letempsmag.ma\/index.php?rest_route=\/wp\/v2\/media\/15053"}],"wp:attachment":[{"href":"https:\/\/letempsmag.ma\/index.php?rest_route=%2Fwp%2Fv2%2Fmedia&parent=15052"}],"wp:term":[{"taxonomy":"category","embeddable":true,"href":"https:\/\/letempsmag.ma\/index.php?rest_route=%2Fwp%2Fv2%2Fcategories&post=15052"},{"taxonomy":"post_tag","embeddable":true,"href":"https:\/\/letempsmag.ma\/index.php?rest_route=%2Fwp%2Fv2%2Ftags&post=15052"}],"curies":[{"name":"wp","href":"https:\/\/api.w.org\/{rel}","templated":true}]}}