{"id":15027,"date":"2022-05-21T14:58:36","date_gmt":"2022-05-21T13:58:36","guid":{"rendered":"https:\/\/letempsmag.ma\/?p=15027"},"modified":"2022-05-21T14:58:37","modified_gmt":"2022-05-21T13:58:37","slug":"akhannouch-preside-une-reunion-consacree-a-la-relance-du-secteur-touristique","status":"publish","type":"post","link":"https:\/\/letempsmag.ma\/?p=15027","title":{"rendered":"Akhannouch pr\u00e9side une r\u00e9union consacr\u00e9e \u00e0 la relance du secteur touristique"},"content":{"rendered":"\n<p>Le Chef du gouvernement, Aziz Akhannouch, a pr\u00e9sid\u00e9 jeudi dernier \u00e0 Rabat une r\u00e9union de travail sur la relance du secteur touristique et la reprise de la saison touristique. Cette r\u00e9union a \u00e9t\u00e9 consacr\u00e9e \u00e0 \u00abl\u2019examen des mesures prises pour relancer le secteur du tourisme apr\u00e8s deux ans de crise sanitaire mondiale, notamment avec l\u2019enregistrement d\u2019indicateurs positifs pouvant \u00eatre mis \u00e0 contribution pour assurer un bon lancement de la nouvelle saison touristique, ce qui contribuera \u00e0 un nouvel essor du secteur\u00bb, indique un communiqu\u00e9 de la Primature.<\/p>\n\n\n\n<p>Au cours de cette r\u00e9union, la Ministre du Tourisme, de l\u2019Artisanat, de l\u2019\u00c9conomie sociale et solidaire, Fatim-Zahra Ammor, a pr\u00e9sent\u00e9 la vision du minist\u00e8re pour relancer l\u2019activit\u00e9 touristique dans les meilleurs d\u00e9lais, le but \u00e9tant d\u2019enregistrer cette ann\u00e9e un afflux de touristes \u00e9gal ou sup\u00e9rieur \u00e0 celui enregistr\u00e9 avant la crise. La vision du minist\u00e8re de tutelle ambitionne \u00e9galement de multiplier le nombre de touristes et de revenir, \u00e0 partir de l\u2019ann\u00e9e 2023, au m\u00eame niveau d\u2019arriv\u00e9es important qui pr\u00e9valait en 2019, laquelle a \u00e9t\u00e9 une ann\u00e9e positive en termes d\u2019afflux de touristes.<\/p>\n\n\n\n<p>Parmi les axes sur lesquels repose cette vision, il s\u2019agit d\u2019assurer le plus grand nombre de si\u00e8ges pour les touristes venant au Maroc avec les compagnies a\u00e9riennes, d\u00e9velopper la mie en valeur touristique, mener de vastes campagnes promotionnelles et conclure des partenariats avec les tour-op\u00e9rateurs mondiaux et les plateformes num\u00e9riques. Il est \u00e9galement question de l\u2019ad\u00e9quation de l\u2019offre et de la demande touristiques, en plus de la strat\u00e9gie de promotion des investissements notamment, visant \u00e0 encourager les investissements dans les petites et moyennes entreprises et dans le domaine du divertissement et de l\u2019animation.<\/p>\n\n\n\n<p>Le Chef du gouvernement a incit\u00e9, \u00e0 cette occasion, tous les acteurs concern\u00e9s \u00e0 valoriser les ressources humaines afin d\u2019accompagner la relance du secteur touristique, appelant les diff\u00e9rents acteurs de ce secteur \u00e0 \u0153uvrer pour la mise \u00e0 niveau des structures h\u00f4teli\u00e8res en vue d\u2019am\u00e9liorer la qualit\u00e9 des prestations offertes aux touristes. Aziz Akhannouch a \u00e9galement appel\u00e9 tous les D\u00e9partements gouvernementaux \u00e0 accompagner le secteur du tourisme dans sa reprise d\u2019activit\u00e9, en vue d\u2019assurer sa contribution \u00e0 la relance \u00e9conomique, mettant l\u2019accent sur l\u2019importance de la mise en \u0153uvre des diff\u00e9rentes mesures de nature \u00e0 assurer la relance du secteur et la r\u00e9alisation des objectifs fix\u00e9s.<\/p>\n\n\n\n<p>En plus de la Ministre de tutelle, cette r\u00e9union s\u2019est d\u00e9roul\u00e9e en pr\u00e9sence de Nadia Fettah, Ministre de l\u2019\u00c9conomie et des Finances, Mustapha Baitas, Ministre d\u00e9l\u00e9gu\u00e9 charg\u00e9 des Relations avec le Parlement et Porte-parole du gouvernement, Adel El Fakir, Directeur G\u00e9n\u00e9ral de l\u2019Office National Marocain du Tourisme (ONMT), et Imad Barrakad, Directeur G\u00e9n\u00e9ral de la Soci\u00e9t\u00e9 Marocaine d\u2019ing\u00e9nierie Touristique (SMIT).<\/p>\n\n\n\n<p><strong>C. A.<\/strong><\/p>\n","protected":false},"excerpt":{"rendered":"<p>Le Chef du gouvernement, Aziz Akhannouch, a pr\u00e9sid\u00e9 jeudi dernier \u00e0 Rabat une r\u00e9union de travail sur la relance du secteur touristique et la reprise de la saison touristique. Cette r\u00e9union a \u00e9t\u00e9 consacr\u00e9e \u00e0 \u00abl\u2019examen des mesures prises pour relancer le secteur du tourisme apr\u00e8s deux ans de crise sanitaire mondiale, notamment avec l\u2019enregistrement &hellip;<\/p>\n","protected":false},"author":2,"featured_media":15028,"comment_status":"open","ping_status":"closed","sticky":false,"template":"","format":"standard","meta":{"footnotes":""},"categories":[176],"tags":[],"class_list":["post-15027","post","type-post","status-publish","format-standard","has-post-thumbnail","hentry","category-executif"],"_links":{"self":[{"href":"https:\/\/letempsmag.ma\/index.php?rest_route=\/wp\/v2\/posts\/15027","targetHints":{"allow":["GET"]}}],"collection":[{"href":"https:\/\/letempsmag.ma\/index.php?rest_route=\/wp\/v2\/posts"}],"about":[{"href":"https:\/\/letempsmag.ma\/index.php?rest_route=\/wp\/v2\/types\/post"}],"author":[{"embeddable":true,"href":"https:\/\/letempsmag.ma\/index.php?rest_route=\/wp\/v2\/users\/2"}],"replies":[{"embeddable":true,"href":"https:\/\/letempsmag.ma\/index.php?rest_route=%2Fwp%2Fv2%2Fcomments&post=15027"}],"version-history":[{"count":1,"href":"https:\/\/letempsmag.ma\/index.php?rest_route=\/wp\/v2\/posts\/15027\/revisions"}],"predecessor-version":[{"id":15029,"href":"https:\/\/letempsmag.ma\/index.php?rest_route=\/wp\/v2\/posts\/15027\/revisions\/15029"}],"wp:featuredmedia":[{"embeddable":true,"href":"https:\/\/letempsmag.ma\/index.php?rest_route=\/wp\/v2\/media\/15028"}],"wp:attachment":[{"href":"https:\/\/letempsmag.ma\/index.php?rest_route=%2Fwp%2Fv2%2Fmedia&parent=15027"}],"wp:term":[{"taxonomy":"category","embeddable":true,"href":"https:\/\/letempsmag.ma\/index.php?rest_route=%2Fwp%2Fv2%2Fcategories&post=15027"},{"taxonomy":"post_tag","embeddable":true,"href":"https:\/\/letempsmag.ma\/index.php?rest_route=%2Fwp%2Fv2%2Ftags&post=15027"}],"curies":[{"name":"wp","href":"https:\/\/api.w.org\/{rel}","templated":true}]}}