{"id":14907,"date":"2022-05-19T08:45:35","date_gmt":"2022-05-19T07:45:35","guid":{"rendered":"https:\/\/letempsmag.ma\/?p=14907"},"modified":"2022-05-19T08:45:37","modified_gmt":"2022-05-19T07:45:37","slug":"pres-de-800-000-agriculteurs-inscrits-a-ce-jour-aupres-de-la-securite-sociale","status":"publish","type":"post","link":"https:\/\/letempsmag.ma\/?p=14907","title":{"rendered":"Pr\u00e8s de 800.000 agriculteurs inscrits, \u00e0 ce jour, aupr\u00e8s de la S\u00e9curit\u00e9 Sociale"},"content":{"rendered":"\n<p>Sur une population de 1,6 million d\u2019agriculteurs cibl\u00e9s, pr\u00e8s de 800.000 ont \u00e9t\u00e9 inscrits \u00e0 la S\u00e9curit\u00e9 Sociale. C\u2019est ce que vient de r\u00e9v\u00e9ler Mohammed Sadiki, Ministre de l\u2019Agriculture, de la P\u00eache maritime, du D\u00e9veloppement rural et des Eaux et For\u00eats. En r\u00e9ponse \u00e0 des questions orales \u00e0 la Chambre des Repr\u00e9sentants sur le chantier de la protection sociale des agriculteurs, le haut responsable a confi\u00e9 que le D\u00e9partement de l\u2019Agriculture a \u00e9t\u00e9 d\u00e9sign\u00e9 comme organe de liaison charg\u00e9 de d\u00e9finir et de mettre \u00e0 jour les listes des agriculteurs b\u00e9n\u00e9ficiaires ainsi que de fournir \u00e0 la Caisse Nationale de S\u00e9curit\u00e9 Sociale (CNSS) toutes les donn\u00e9es qui concernent ces listes.<\/p>\n\n\n\n<p>De nouvelles fonctions ont \u00e9t\u00e9 attribu\u00e9es au D\u00e9partement de l\u2019Agriculture et des services ont \u00e9t\u00e9 cr\u00e9\u00e9s aux niveaux central, r\u00e9gional et provincial afin de mettre en application, suivre et \u00e9valuer le programme de protection sociale au profit des agriculteurs. \u00c9tablir \u00e9galement un m\u00e9canisme de coordination avec toutes les parties, a pr\u00e9cis\u00e9 le Ministre, notant qu\u2019une convention de partenariat a \u00e9t\u00e9 conclue avec la CNSS d\u00e9finissant les conditions et les modalit\u00e9s d\u2019\u00e9change des donn\u00e9es pour l\u2019inscription des agriculteurs.<\/p>\n\n\n\n<p>Le Ministre a par ailleurs rappel\u00e9 l\u2019approbation des d\u00e9crets portant application de la loi-cadre sur la couverture m\u00e9dicale et du syst\u00e8me de retraite ainsi que la d\u00e9finition des cat\u00e9gories d\u2019agriculteurs et la valeur de leur contribution, notant que neuf cat\u00e9gories ont \u00e9t\u00e9 d\u00e9finies selon le revenu forfaitaire relatif au salaire minimum.<\/p>\n\n\n\n<p><strong>C. A.<\/strong><\/p>\n","protected":false},"excerpt":{"rendered":"<p>Sur une population de 1,6 million d\u2019agriculteurs cibl\u00e9s, pr\u00e8s de 800.000 ont \u00e9t\u00e9 inscrits \u00e0 la S\u00e9curit\u00e9 Sociale. C\u2019est ce que vient de r\u00e9v\u00e9ler Mohammed Sadiki, Ministre de l\u2019Agriculture, de la P\u00eache maritime, du D\u00e9veloppement rural et des Eaux et For\u00eats. En r\u00e9ponse \u00e0 des questions orales \u00e0 la Chambre des Repr\u00e9sentants sur le chantier &hellip;<\/p>\n","protected":false},"author":2,"featured_media":14908,"comment_status":"open","ping_status":"closed","sticky":false,"template":"","format":"standard","meta":{"footnotes":""},"categories":[506],"tags":[],"class_list":["post-14907","post","type-post","status-publish","format-standard","has-post-thumbnail","hentry","category-cnss"],"_links":{"self":[{"href":"https:\/\/letempsmag.ma\/index.php?rest_route=\/wp\/v2\/posts\/14907","targetHints":{"allow":["GET"]}}],"collection":[{"href":"https:\/\/letempsmag.ma\/index.php?rest_route=\/wp\/v2\/posts"}],"about":[{"href":"https:\/\/letempsmag.ma\/index.php?rest_route=\/wp\/v2\/types\/post"}],"author":[{"embeddable":true,"href":"https:\/\/letempsmag.ma\/index.php?rest_route=\/wp\/v2\/users\/2"}],"replies":[{"embeddable":true,"href":"https:\/\/letempsmag.ma\/index.php?rest_route=%2Fwp%2Fv2%2Fcomments&post=14907"}],"version-history":[{"count":1,"href":"https:\/\/letempsmag.ma\/index.php?rest_route=\/wp\/v2\/posts\/14907\/revisions"}],"predecessor-version":[{"id":14909,"href":"https:\/\/letempsmag.ma\/index.php?rest_route=\/wp\/v2\/posts\/14907\/revisions\/14909"}],"wp:featuredmedia":[{"embeddable":true,"href":"https:\/\/letempsmag.ma\/index.php?rest_route=\/wp\/v2\/media\/14908"}],"wp:attachment":[{"href":"https:\/\/letempsmag.ma\/index.php?rest_route=%2Fwp%2Fv2%2Fmedia&parent=14907"}],"wp:term":[{"taxonomy":"category","embeddable":true,"href":"https:\/\/letempsmag.ma\/index.php?rest_route=%2Fwp%2Fv2%2Fcategories&post=14907"},{"taxonomy":"post_tag","embeddable":true,"href":"https:\/\/letempsmag.ma\/index.php?rest_route=%2Fwp%2Fv2%2Ftags&post=14907"}],"curies":[{"name":"wp","href":"https:\/\/api.w.org\/{rel}","templated":true}]}}