{"id":14878,"date":"2022-05-18T10:14:24","date_gmt":"2022-05-18T09:14:24","guid":{"rendered":"https:\/\/letempsmag.ma\/?p=14878"},"modified":"2022-05-18T10:14:26","modified_gmt":"2022-05-18T09:14:26","slug":"grace-a-alsa-le-musee-des-transports-urbains-de-casablanca-ouvre-ses-portes-au-public","status":"publish","type":"post","link":"https:\/\/letempsmag.ma\/?p=14878","title":{"rendered":"Gr\u00e2ce \u00e0 Alsa, le Mus\u00e9e des Transports Urbains de Casablanca ouvre ses portes au public"},"content":{"rendered":"\n<p>L\u2019Exposition permanente du mus\u00e9e des transports urbains, install\u00e9 au si\u00e8ge d\u2019Alsa \u00e0 Casablanca, quartier Ma\u00e2rif, accueille ses premiers visiteurs&nbsp;! Ouvert gratuitement au grand public, du lundi au samedi de 9h \u00e0 17h, ce nouveau mus\u00e9e abrite une pr\u00e9cieuse collection d\u2019objets et d\u2019images retra\u00e7ant l\u2019histoire du transport urbain \u00e0 Casablanca. Cr\u00e9\u00e9 \u00e0 l\u2019initiative d\u2019Alsa, ce mus\u00e9e est une exposition permanente am\u00e9nag\u00e9e dans un cadre inspir\u00e9 par l\u2019univers des autobus.<\/p>\n\n\n\n<p>L\u2019espace comprend une frise chronologique, de documents et pi\u00e8ces retra\u00e7ant l\u2019histoire du secteur des transports urbains dans la ville. Il rend \u00e9galement hommage \u00e0 des personnes qui ont fa\u00e7onn\u00e9 ce service public tout au long des ann\u00e9es en mettant en avant leurs parcours et contributions.<\/p>\n\n\n\n<p>Cette initiative est le fruit d\u2019une mobilisation g\u00e9n\u00e9rale. Les pi\u00e8ces expos\u00e9es sont des contributions de collaboratrices et collaborateurs et de Casablancaises et Casablancais qui ont tenu \u00e0 enrichir le mus\u00e9e en apportant des documents, des photos, des affiches, des outils et des machines en leur possession, en r\u00e9ponse \u00e0 un appel \u00e0 contribution lanc\u00e9 \u00e0 cet effet. Ce sont ainsi une cinquantaine de personnes qui ont contribu\u00e9 \u00e0 la mise en \u0153uvre de ce mus\u00e9e. L\u2019appel est toujours ouvert \u00e0 de nouvelles contributions.<\/p>\n\n\n\n<p>En plus de faire conna\u00eetre l\u2019histoire du transport pub<a><\/a>lique dans la ville de Casablanca, l\u2019objectif de cette initiative est de contribuer \u00e0 pr\u00e9server la m\u00e9moire collective et r\u00e9concilier les Casablancais.es avec ce service public vital.<\/p>\n\n\n\n<p>Jeunes et moins jeunes seront \u00e9difi\u00e9s par une visite \u00e0 ce beau mus\u00e9e qui fait vivre un patrimoine et une m\u00e9moire de Dar Al Beida&nbsp;!<\/p>\n\n\n\n<p><strong>M. E.<\/strong><\/p>\n","protected":false},"excerpt":{"rendered":"<p>L\u2019Exposition permanente du mus\u00e9e des transports urbains, install\u00e9 au si\u00e8ge d\u2019Alsa \u00e0 Casablanca, quartier Ma\u00e2rif, accueille ses premiers visiteurs&nbsp;! Ouvert gratuitement au grand public, du lundi au samedi de 9h \u00e0 17h, ce nouveau mus\u00e9e abrite une pr\u00e9cieuse collection d\u2019objets et d\u2019images retra\u00e7ant l\u2019histoire du transport urbain \u00e0 Casablanca. Cr\u00e9\u00e9 \u00e0 l\u2019initiative d\u2019Alsa, ce mus\u00e9e &hellip;<\/p>\n","protected":false},"author":2,"featured_media":14879,"comment_status":"open","ping_status":"closed","sticky":false,"template":"","format":"standard","meta":{"footnotes":""},"categories":[56],"tags":[],"class_list":["post-14878","post","type-post","status-publish","format-standard","has-post-thumbnail","hentry","category-patrimoine"],"_links":{"self":[{"href":"https:\/\/letempsmag.ma\/index.php?rest_route=\/wp\/v2\/posts\/14878","targetHints":{"allow":["GET"]}}],"collection":[{"href":"https:\/\/letempsmag.ma\/index.php?rest_route=\/wp\/v2\/posts"}],"about":[{"href":"https:\/\/letempsmag.ma\/index.php?rest_route=\/wp\/v2\/types\/post"}],"author":[{"embeddable":true,"href":"https:\/\/letempsmag.ma\/index.php?rest_route=\/wp\/v2\/users\/2"}],"replies":[{"embeddable":true,"href":"https:\/\/letempsmag.ma\/index.php?rest_route=%2Fwp%2Fv2%2Fcomments&post=14878"}],"version-history":[{"count":1,"href":"https:\/\/letempsmag.ma\/index.php?rest_route=\/wp\/v2\/posts\/14878\/revisions"}],"predecessor-version":[{"id":14880,"href":"https:\/\/letempsmag.ma\/index.php?rest_route=\/wp\/v2\/posts\/14878\/revisions\/14880"}],"wp:featuredmedia":[{"embeddable":true,"href":"https:\/\/letempsmag.ma\/index.php?rest_route=\/wp\/v2\/media\/14879"}],"wp:attachment":[{"href":"https:\/\/letempsmag.ma\/index.php?rest_route=%2Fwp%2Fv2%2Fmedia&parent=14878"}],"wp:term":[{"taxonomy":"category","embeddable":true,"href":"https:\/\/letempsmag.ma\/index.php?rest_route=%2Fwp%2Fv2%2Fcategories&post=14878"},{"taxonomy":"post_tag","embeddable":true,"href":"https:\/\/letempsmag.ma\/index.php?rest_route=%2Fwp%2Fv2%2Ftags&post=14878"}],"curies":[{"name":"wp","href":"https:\/\/api.w.org\/{rel}","templated":true}]}}