{"id":14860,"date":"2022-05-17T11:53:15","date_gmt":"2022-05-17T10:53:15","guid":{"rendered":"https:\/\/letempsmag.ma\/?p=14860"},"modified":"2022-05-17T11:53:17","modified_gmt":"2022-05-17T10:53:17","slug":"la-production-cerealiere-sera-da-peine-32-millions-de-quintaux-cette-annee","status":"publish","type":"post","link":"https:\/\/letempsmag.ma\/?p=14860","title":{"rendered":"La production c\u00e9r\u00e9ali\u00e8re sera d\u2019\u00e0 peine 32 millions de quintaux cette ann\u00e9e"},"content":{"rendered":"\n<p>La production pr\u00e9visionnelle des c\u00e9r\u00e9ales principales (bl\u00e9 tendre, bl\u00e9 dur et orge), au titre de la campagne agricole 2021-2022 au Maroc est estim\u00e9e \u00e0 32 millions de quintaux (Mqx), soit une baisse de 69% par rapport \u00e0 la campagne pr\u00e9c\u00e9dente qui avait enregistr\u00e9 une production-record, a annonc\u00e9 vendredi dernier, le minist\u00e8re de l\u2019Agriculture, de la P\u00eache maritime, du D\u00e9veloppement rural et des Eaux et For\u00eats. Cette production r\u00e9sulte d\u2019une superficie c\u00e9r\u00e9ali\u00e8re sem\u00e9e au titre de la campagne, de 3,6 millions d\u2019hectares des trois esp\u00e8ces de c\u00e9r\u00e9ales, pr\u00e9cise le minist\u00e8re dans un communiqu\u00e9. Par esp\u00e8ce, la production pr\u00e9visionnelle a atteint 17,6 Mqx de bl\u00e9 tendre, 7,5 Mqx de bl\u00e9 dur et 6,9 Mqx d\u2019orge, fait savoir le minist\u00e8re, qui pr\u00e9cise que plus de 60% de la production provient des zones favorables des r\u00e9gions de F\u00e8s-Mekn\u00e8s et de Rabat-Sal\u00e9-K\u00e9nitra.<\/p>\n\n\n\n<p>Les c\u00e9r\u00e9ales en zones irrigu\u00e9es n\u2019ont contribu\u00e9 que d\u2019environ 20% \u00e0 la production globale, en raison d\u2019une part de la superficie irrigu\u00e9e limit\u00e9e en c\u00e9r\u00e9ales et d\u2019autre part des restrictions d\u2019irrigation dans les p\u00e9rim\u00e8tres de la grande hydraulique, fait observer la m\u00eame source.<\/p>\n\n\n\n<p>Par ailleurs, le minist\u00e8re souligne que la campagne agricole 2021-22 a enregistr\u00e9 une pluviom\u00e9trie qui a atteint 188 mm \u00e0 fin avril 2022, soit une baisse de 42% par rapport \u00e0 la moyenne des 30 derni\u00e8res ann\u00e9es (327 mm) et de 35% par rapport \u00e0 la campagne pr\u00e9c\u00e9dente (289 mm) \u00e0 la m\u00eame date.<\/p>\n\n\n\n<p>Outre la faiblesse des pr\u00e9cipitations et leur retard, le profil pluviom\u00e9trique a \u00e9galement \u00e9t\u00e9 caract\u00e9ris\u00e9 par une mauvaise r\u00e9partition temporelle et territoriale. Pr\u00e8s de 55% du cumul pluviom\u00e9trique a eu lieu aux mois de mars et avril et moins d\u2019un tiers des pr\u00e9cipitations ont eu lieu durant les mois de novembre et d\u00e9cembre. \u00abLa tr\u00e8s faible pluviom\u00e9trie, voire son absence dans plusieurs r\u00e9gions durant les mois de janvier et f\u00e9vrier, a engendr\u00e9 un stress affectant le couvert v\u00e9g\u00e9tal et un retard de croissance des cultures d\u2019automne, notamment les c\u00e9r\u00e9ales\u00bb, indique le minist\u00e8re.<\/p>\n\n\n\n<p>En dehors des c\u00e9r\u00e9ales, les autres cultures affichent un \u00e9tat favorable. En effet, de mani\u00e8re globale, les pluies cumul\u00e9es depuis le d\u00e9but de mars ont contribu\u00e9 au r\u00e9tablissement du couvert v\u00e9g\u00e9tal \u00e0 niveau normal et assur\u00e9 le bon d\u00e9roulement des cultures printani\u00e8res. Ainsi, il est pr\u00e9vu que la betterave \u00e0 sucre, dont la r\u00e9colte vient de d\u00e9marrer dans plusieurs r\u00e9gions, enregistre de bonnes performances de rendement. Les agrumes, les oliviers et les rosac\u00e9es en stade de floraison affichent de bonnes perspectives de production, bien qu\u2019elles restent tributaires de l\u2019\u00e9volution des conditions m\u00e9t\u00e9orologiques, particuli\u00e8rement les temp\u00e9ratures des mois de mai et juin. Par ailleurs, le dernier \u00e9pisode pluvieux de mars et avril a favoris\u00e9 une bonne installation des cultures de printemps et des cultures maraich\u00e8res de saison ainsi que leur \u00e9volution dans des conditions favorables.<\/p>\n\n\n\n<p><strong>C. A.<\/strong><\/p>\n","protected":false},"excerpt":{"rendered":"<p>La production pr\u00e9visionnelle des c\u00e9r\u00e9ales principales (bl\u00e9 tendre, bl\u00e9 dur et orge), au titre de la campagne agricole 2021-2022 au Maroc est estim\u00e9e \u00e0 32 millions de quintaux (Mqx), soit une baisse de 69% par rapport \u00e0 la campagne pr\u00e9c\u00e9dente qui avait enregistr\u00e9 une production-record, a annonc\u00e9 vendredi dernier, le minist\u00e8re de l\u2019Agriculture, de la &hellip;<\/p>\n","protected":false},"author":2,"featured_media":14861,"comment_status":"open","ping_status":"closed","sticky":false,"template":"","format":"standard","meta":{"footnotes":""},"categories":[30],"tags":[],"class_list":["post-14860","post","type-post","status-publish","format-standard","has-post-thumbnail","hentry","category-agriculture"],"_links":{"self":[{"href":"https:\/\/letempsmag.ma\/index.php?rest_route=\/wp\/v2\/posts\/14860","targetHints":{"allow":["GET"]}}],"collection":[{"href":"https:\/\/letempsmag.ma\/index.php?rest_route=\/wp\/v2\/posts"}],"about":[{"href":"https:\/\/letempsmag.ma\/index.php?rest_route=\/wp\/v2\/types\/post"}],"author":[{"embeddable":true,"href":"https:\/\/letempsmag.ma\/index.php?rest_route=\/wp\/v2\/users\/2"}],"replies":[{"embeddable":true,"href":"https:\/\/letempsmag.ma\/index.php?rest_route=%2Fwp%2Fv2%2Fcomments&post=14860"}],"version-history":[{"count":1,"href":"https:\/\/letempsmag.ma\/index.php?rest_route=\/wp\/v2\/posts\/14860\/revisions"}],"predecessor-version":[{"id":14863,"href":"https:\/\/letempsmag.ma\/index.php?rest_route=\/wp\/v2\/posts\/14860\/revisions\/14863"}],"wp:featuredmedia":[{"embeddable":true,"href":"https:\/\/letempsmag.ma\/index.php?rest_route=\/wp\/v2\/media\/14861"}],"wp:attachment":[{"href":"https:\/\/letempsmag.ma\/index.php?rest_route=%2Fwp%2Fv2%2Fmedia&parent=14860"}],"wp:term":[{"taxonomy":"category","embeddable":true,"href":"https:\/\/letempsmag.ma\/index.php?rest_route=%2Fwp%2Fv2%2Fcategories&post=14860"},{"taxonomy":"post_tag","embeddable":true,"href":"https:\/\/letempsmag.ma\/index.php?rest_route=%2Fwp%2Fv2%2Ftags&post=14860"}],"curies":[{"name":"wp","href":"https:\/\/api.w.org\/{rel}","templated":true}]}}