{"id":14854,"date":"2022-05-16T09:12:12","date_gmt":"2022-05-16T08:12:12","guid":{"rendered":"https:\/\/letempsmag.ma\/?p=14854"},"modified":"2022-05-16T09:12:14","modified_gmt":"2022-05-16T08:12:14","slug":"londa-annonce-de-bons-indicateurs-pour-2022","status":"publish","type":"post","link":"https:\/\/letempsmag.ma\/?p=14854","title":{"rendered":"L&#8217;ONDA annonce de bons indicateurs pour 2022"},"content":{"rendered":"\n<p>Le Conseil d&#8217;administration de l\u2019Office National des A\u00e9roports (ONDA), r\u00e9uni vendredi dernier \u00e0 Rabat, a fix\u00e9 son ordre du jour sur l\u2019arr\u00eat\u00e9 des comptes au titre de l\u2019ann\u00e9e 2021 et l\u2019examen des indicateurs d\u2019activit\u00e9 \u00e0 fin avril 2022. La r\u00e9union \u00e9tait pr\u00e9sid\u00e9e par le Ministre du Transport et de la Logistique, Mohammed Abdeljalil.<\/p>\n\n\n\n<p>Le minist\u00e8re a annonc\u00e9 \u00e0 ce propos, qu\u2019au d\u00e9but de 2022, l\u2019ONDA a enregistr\u00e9 une am\u00e9lioration du trafic a\u00e9rien sur l\u2019ensemble des a\u00e9roports du Royaume et table sur un taux de r\u00e9cup\u00e9ration de 75% pour 2022 comparativement \u00e0 2019, exercice de r\u00e9f\u00e9rence pr\u00e9-pand\u00e9mie. Le minist\u00e8re indique que 3,2 millions de passagers ont \u00e9t\u00e9 accueillis durant la p\u00e9riode allant du 7 f\u00e9vrier au 30 avril 2022, ce qui repr\u00e9sente 64% du trafic a\u00e9rien enregistr\u00e9 durant la m\u00eame p\u00e9riode de l\u2019ann\u00e9e 2019.<\/p>\n\n\n\n<p>Le bilan de l\u2019ONDA, arr\u00eat\u00e9 au 31 d\u00e9cembre 2021, montre un trafic de 9,94 millions de passagers, soit une hausse de 39% par rapport \u00e0 2020, et une diminution de 60% par rapport \u00e0 2019. Quant au fret a\u00e9rien, il a enregistr\u00e9 une reprise, atteignant 70.000 tonnes, soit une hausse de 14% par rapport \u00e0 2020 et une baisse de 27% par rapport \u00e0 2019, fait savoir la m\u00eame source, ajoutant que le trafic des avions a enregistr\u00e9, une \u00e9volution d\u2019environ 42% par rapport \u00e0 2020 et une baisse de 51% par rapport \u00e0 2019.<\/p>\n\n\n\n<p>Par ailleurs, le bilan financier 2021 de l\u2019ONDA traduit l\u2019impact de la crise sanitaire sur son activit\u00e9, dont le chiffre d\u2019affaires a atteint 2,1 milliards de DH, enregistrant une augmentation de 34% par rapport \u00e0 2020 et une baisse de 50% par rapport \u00e0 2019.<\/p>\n\n\n\n<p>En ce qui concerne le r\u00e9sultat net, l\u2019Office a enregistr\u00e9 un d\u00e9ficit estim\u00e9 \u00e0 1 milliard de DH.<\/p>\n\n\n\n<p>Le communiqu\u00e9 indique \u00e9galement que l\u2019ann\u00e9e 2021 a \u00e9t\u00e9 marqu\u00e9e par l\u2019ouverture du nouveau terminal de l\u2019a\u00e9roport Nador-El Aroui, qui a port\u00e9 sa capacit\u00e9 \u00e0 2 millions de passagers par an. 2021 a \u00e9galement vu la mise en service du nouveau terminal de l\u2019a\u00e9roport Mohammed V d\u00e9di\u00e9 aux vols int\u00e9rieurs, la poursuite des travaux de l\u2019a\u00e9roport de Rabat-Sal\u00e9 ainsi que d\u2019autres projet.<\/p>\n\n\n\n<p>L\u2019ONDA a poursuivi la r\u00e9alisation, durant 2021, des projets inscrits dans son nouveau plan strat\u00e9gique \u00abEnvol 2025\u00bb.<\/p>\n\n\n\n<p><strong>L. F.<\/strong><\/p>\n","protected":false},"excerpt":{"rendered":"<p>Le Conseil d&#8217;administration de l\u2019Office National des A\u00e9roports (ONDA), r\u00e9uni vendredi dernier \u00e0 Rabat, a fix\u00e9 son ordre du jour sur l\u2019arr\u00eat\u00e9 des comptes au titre de l\u2019ann\u00e9e 2021 et l\u2019examen des indicateurs d\u2019activit\u00e9 \u00e0 fin avril 2022. La r\u00e9union \u00e9tait pr\u00e9sid\u00e9e par le Ministre du Transport et de la Logistique, Mohammed Abdeljalil. Le minist\u00e8re &hellip;<\/p>\n","protected":false},"author":2,"featured_media":14855,"comment_status":"open","ping_status":"closed","sticky":false,"template":"","format":"standard","meta":{"footnotes":""},"categories":[53],"tags":[],"class_list":["post-14854","post","type-post","status-publish","format-standard","has-post-thumbnail","hentry","category-aerien"],"_links":{"self":[{"href":"https:\/\/letempsmag.ma\/index.php?rest_route=\/wp\/v2\/posts\/14854","targetHints":{"allow":["GET"]}}],"collection":[{"href":"https:\/\/letempsmag.ma\/index.php?rest_route=\/wp\/v2\/posts"}],"about":[{"href":"https:\/\/letempsmag.ma\/index.php?rest_route=\/wp\/v2\/types\/post"}],"author":[{"embeddable":true,"href":"https:\/\/letempsmag.ma\/index.php?rest_route=\/wp\/v2\/users\/2"}],"replies":[{"embeddable":true,"href":"https:\/\/letempsmag.ma\/index.php?rest_route=%2Fwp%2Fv2%2Fcomments&post=14854"}],"version-history":[{"count":1,"href":"https:\/\/letempsmag.ma\/index.php?rest_route=\/wp\/v2\/posts\/14854\/revisions"}],"predecessor-version":[{"id":14856,"href":"https:\/\/letempsmag.ma\/index.php?rest_route=\/wp\/v2\/posts\/14854\/revisions\/14856"}],"wp:featuredmedia":[{"embeddable":true,"href":"https:\/\/letempsmag.ma\/index.php?rest_route=\/wp\/v2\/media\/14855"}],"wp:attachment":[{"href":"https:\/\/letempsmag.ma\/index.php?rest_route=%2Fwp%2Fv2%2Fmedia&parent=14854"}],"wp:term":[{"taxonomy":"category","embeddable":true,"href":"https:\/\/letempsmag.ma\/index.php?rest_route=%2Fwp%2Fv2%2Fcategories&post=14854"},{"taxonomy":"post_tag","embeddable":true,"href":"https:\/\/letempsmag.ma\/index.php?rest_route=%2Fwp%2Fv2%2Ftags&post=14854"}],"curies":[{"name":"wp","href":"https:\/\/api.w.org\/{rel}","templated":true}]}}